{"id":15399,"date":"2023-09-28T11:33:04","date_gmt":"2023-09-28T14:33:04","guid":{"rendered":"https:\/\/radiostudiow.com.br\/site\/?p=15399"},"modified":"2025-01-31T15:06:28","modified_gmt":"2025-01-31T18:06:28","slug":"malletenses-terao-cursos-gratuitos-com-a-chegada-da-carreta-turismo-e-gastronomia-do-senac","status":"publish","type":"post","link":"https:\/\/radiostudiow.com.br\/site\/2023\/09\/28\/malletenses-terao-cursos-gratuitos-com-a-chegada-da-carreta-turismo-e-gastronomia-do-senac\/","title":{"rendered":"MALLETENSES TER\u00c3O CURSOS\u00a0 GRATUITOS COM A CHEGADA DA &#8220;CARRETA TURISMO E GASTRONOMIA&#8221; DO SENAC"},"content":{"rendered":"\n<p>Com objetivo de enriquecer o conhecimento tur\u00edstico e culin\u00e1rio da popula\u00e7\u00e3o e aumentar empregabilidade, a a Prefeitura municipal de Mallet-PR em parceria com o SENAC, receberam nesta quarta feira (27\/09) a Unidade M\u00f3vel de Turismo e Gastronomia,\u00a0mais conhecida como a &#8220;Carreta do Senac&#8221;, devidamente equipada com uma completa infraestrutura, e possuem capacidade para cursos na \u00e1rea de gastronomia.\u00a0<\/p>\n\n\n\n<figure class=\"wp-block-image size-full\"><img decoding=\"async\" src=\"https:\/\/radiostudiow.com.br\/site\/wp-content\/uploads\/2023\/05\/image-2.png\" alt=\"\" class=\"wp-image-12867\"\/><\/figure>\n\n\n\n<p>No evento para receber mais esse&nbsp; investimento na capacita\u00e7\u00e3o profissionalizante da nossa popula\u00e7\u00e3o, o Prefeito Municipal de Mallet Moacir Alfredo Szinvelski e o Vice Prefeito Francisco Jos\u00e9 Makoski (Chico) marcaram presen\u00e7a.<\/p>\n\n\n\n<p>Al\u00e9m de v\u00e1rios Secret\u00e1rios Municipais tamb\u00e9m\u00a0esteve presente\u00a0o Gerente do Senac Irati, Jo\u00e3o Guilherme Baggio de Oliveira, al\u00e9m do T\u00e9cnico de Rela\u00e7\u00e3o com o Mercado, Denilson Jo\u00e3o Alessi, Coordenadoria de Infraestrutura Senac-PR Aristeu Pichorim.<\/p>\n\n\n\n<p>Ap\u00f3s uma passeata pelas ruas centrais da cidade, a estrutura foi levada e montada no estacionamento do Pr\u00e9dio Hist\u00f3rico da Prefeitura de Mallet.&nbsp;<\/p>\n\n\n\n<p>Na pr\u00f3xima segunda-feira (02\/10), \u00e0s 8h30min, dar-se-\u00e1 o in\u00edcio da realiza\u00e7\u00e3o dos 06 cursos que ser\u00e3o ministrados na carreta, com qualifica\u00e7\u00e3o profissional na \u00e1rea de gastronomia.&nbsp;&nbsp;<\/p>\n\n\n\n<p>Atrav\u00e9s do Programa Senac M\u00f3vel, que busca democratizar o acesso \u00e0 educa\u00e7\u00e3o profissional, durante 30 dias, a unidade ficar\u00e1 no munic\u00edpio e ofertar\u00e1 os cursos de Cozinha Brasileira,Bases da Cozinha, Confeitaria para Restaurantes, Hamb\u00farguer Gourmet, Preparo de Massas Frescas e Recheadas e Preparo de Pizzas.<\/p>\n\n\n\n<figure class=\"wp-block-image size-full\"><img decoding=\"async\" src=\"https:\/\/radiostudiow.com.br\/site\/wp-content\/uploads\/2023\/08\/image-127.png\" alt=\"\" class=\"wp-image-14660\"\/><\/figure>\n\n\n\n<p>O prefeito de Mallet Moacir Szinvelski, agradeceu a todos os envolvidos neste projeto e tamb\u00e9m ressaltou a import\u00e2ncia desta parceria, para trazer cursos profissionalizantes para o munic\u00edpio. <em>\u201cFico muito feliz por formalizar parcerias como esta, que trazem forma\u00e7\u00e3o \u00e0s pessoas e ofertam servi\u00e7os gratuitos \u00e0queles que precisam\u201d, comentou Szinvelski a nossa reportagem.<\/em><\/p>\n\n\n\n<p>De acordo com o Vice Prefeito Francisco Makoski, as oportunidades visam enriquecer o conhecimento culin\u00e1rio da popula\u00e7\u00e3o local.<em> &#8220;\u00c9\u00a0 uma forma de proporcionar novas habilidades na \u00e1rea de gastronomia para que no futuro esse conhecimento se torne uma nova forma de renda para a sua fam\u00edlia.&#8221; Frisou Chico \u00e0\u00a0Studio W.<\/em><\/p>\n\n\n\n<p><strong>As oficinas ser\u00e3o oferecidas&nbsp; de forma gratuita para a popula\u00e7\u00e3o em geral.&nbsp;<\/strong><\/p>\n\n\n\n<figure class=\"wp-block-image size-large\"><img loading=\"lazy\" decoding=\"async\" width=\"1024\" height=\"768\" src=\"https:\/\/radiostudiow.com.br\/site\/wp-content\/uploads\/2023\/09\/image-65-1024x768.png\" alt=\"\" class=\"wp-image-15402\" srcset=\"https:\/\/radiostudiow.com.br\/site\/wp-content\/uploads\/2023\/09\/image-65-1024x768.png 1024w, https:\/\/radiostudiow.com.br\/site\/wp-content\/uploads\/2023\/09\/image-65-300x225.png 300w, https:\/\/radiostudiow.com.br\/site\/wp-content\/uploads\/2023\/09\/image-65-768x576.png 768w, https:\/\/radiostudiow.com.br\/site\/wp-content\/uploads\/2023\/09\/image-65.png 1280w\" sizes=\"auto, (max-width: 1024px) 100vw, 1024px\" \/><\/figure>\n\n\n\n<figure class=\"wp-block-image size-large\"><img loading=\"lazy\" decoding=\"async\" width=\"1024\" height=\"768\" src=\"https:\/\/radiostudiow.com.br\/site\/wp-content\/uploads\/2023\/09\/image-20-1024x768.png\" alt=\"\" class=\"wp-image-15400\" srcset=\"https:\/\/radiostudiow.com.br\/site\/wp-content\/uploads\/2023\/09\/image-20-1024x768.png 1024w, https:\/\/radiostudiow.com.br\/site\/wp-content\/uploads\/2023\/09\/image-20-300x225.png 300w, https:\/\/radiostudiow.com.br\/site\/wp-content\/uploads\/2023\/09\/image-20-768x576.png 768w, https:\/\/radiostudiow.com.br\/site\/wp-content\/uploads\/2023\/09\/image-20.png 1280w\" sizes=\"auto, (max-width: 1024px) 100vw, 1024px\" \/><\/figure>\n\n\n\n<figure class=\"wp-block-image size-large\"><img loading=\"lazy\" decoding=\"async\" width=\"1024\" height=\"768\" src=\"https:\/\/radiostudiow.com.br\/site\/wp-content\/uploads\/2023\/09\/image-66-1024x768.png\" alt=\"\" class=\"wp-image-15403\" srcset=\"https:\/\/radiostudiow.com.br\/site\/wp-content\/uploads\/2023\/09\/image-66-1024x768.png 1024w, https:\/\/radiostudiow.com.br\/site\/wp-content\/uploads\/2023\/09\/image-66-300x225.png 300w, https:\/\/radiostudiow.com.br\/site\/wp-content\/uploads\/2023\/09\/image-66-768x576.png 768w, https:\/\/radiostudiow.com.br\/site\/wp-content\/uploads\/2023\/09\/image-66.png 1280w\" sizes=\"auto, (max-width: 1024px) 100vw, 1024px\" \/><\/figure>\n\n\n\n<figure class=\"wp-block-image size-large\"><img loading=\"lazy\" decoding=\"async\" width=\"1024\" height=\"768\" src=\"https:\/\/radiostudiow.com.br\/site\/wp-content\/uploads\/2023\/09\/image-67-1024x768.png\" alt=\"\" class=\"wp-image-15404\" srcset=\"https:\/\/radiostudiow.com.br\/site\/wp-content\/uploads\/2023\/09\/image-67-1024x768.png 1024w, https:\/\/radiostudiow.com.br\/site\/wp-content\/uploads\/2023\/09\/image-67-300x225.png 300w, https:\/\/radiostudiow.com.br\/site\/wp-content\/uploads\/2023\/09\/image-67-768x576.png 768w, https:\/\/radiostudiow.com.br\/site\/wp-content\/uploads\/2023\/09\/image-67.png 1280w\" sizes=\"auto, (max-width: 1024px) 100vw, 1024px\" \/><\/figure>\n","protected":false},"excerpt":{"rendered":"<p>Com objetivo de enriquecer o conhecimento tur\u00edstico e culin\u00e1rio da popula\u00e7\u00e3o e aumentar empregabilidade, a a Prefeitura municipal de Mallet-PR em parceria com o SENAC, receberam nesta quarta feira (27\/09) a Unidade M\u00f3vel de Turismo e Gastronomia,\u00a0mais conhecida como a &#8220;Carreta do Senac&#8221;, devidamente equipada com uma completa infraestrutura, e possuem capacidade para cursos na [&hellip;]<\/p>\n","protected":false},"author":2,"featured_media":15401,"comment_status":"open","ping_status":"open","sticky":false,"template":"","format":"standard","meta":{"footnotes":""},"categories":[184],"tags":[172],"class_list":["post-15399","post","type-post","status-publish","format-standard","has-post-thumbnail","hentry","category-local","tag-featured"],"amp_enabled":true,"_links":{"self":[{"href":"https:\/\/radiostudiow.com.br\/site\/wp-json\/wp\/v2\/posts\/15399","targetHints":{"allow":["GET"]}}],"collection":[{"href":"https:\/\/radiostudiow.com.br\/site\/wp-json\/wp\/v2\/posts"}],"about":[{"href":"https:\/\/radiostudiow.com.br\/site\/wp-json\/wp\/v2\/types\/post"}],"author":[{"embeddable":true,"href":"https:\/\/radiostudiow.com.br\/site\/wp-json\/wp\/v2\/users\/2"}],"replies":[{"embeddable":true,"href":"https:\/\/radiostudiow.com.br\/site\/wp-json\/wp\/v2\/comments?post=15399"}],"version-history":[{"count":3,"href":"https:\/\/radiostudiow.com.br\/site\/wp-json\/wp\/v2\/posts\/15399\/revisions"}],"predecessor-version":[{"id":33552,"href":"https:\/\/radiostudiow.com.br\/site\/wp-json\/wp\/v2\/posts\/15399\/revisions\/33552"}],"wp:featuredmedia":[{"embeddable":true,"href":"https:\/\/radiostudiow.com.br\/site\/wp-json\/wp\/v2\/media\/15401"}],"wp:attachment":[{"href":"https:\/\/radiostudiow.com.br\/site\/wp-json\/wp\/v2\/media?parent=15399"}],"wp:term":[{"taxonomy":"category","embeddable":true,"href":"https:\/\/radiostudiow.com.br\/site\/wp-json\/wp\/v2\/categories?post=15399"},{"taxonomy":"post_tag","embeddable":true,"href":"https:\/\/radiostudiow.com.br\/site\/wp-json\/wp\/v2\/tags?post=15399"}],"curies":[{"name":"wp","href":"https:\/\/api.w.org\/{rel}","templated":true}]}}