{"id":15466,"date":"2023-09-30T09:55:38","date_gmt":"2023-09-30T12:55:38","guid":{"rendered":"https:\/\/radiostudiow.com.br\/site\/?p=15466"},"modified":"2025-01-31T15:06:28","modified_gmt":"2025-01-31T18:06:28","slug":"acidente-deixa-vitimas-em-uniao-da-vitoria","status":"publish","type":"post","link":"https:\/\/radiostudiow.com.br\/site\/2023\/09\/30\/acidente-deixa-vitimas-em-uniao-da-vitoria\/","title":{"rendered":"ACIDENTE EM UNI\u00c3O DA VIT\u00d3RIA DEIXA CINCO PESSOAS FERIDAS. UMA EM ESTADO GRAVE"},"content":{"rendered":"\n<p>Bombeiros de Uni\u00e3o da Vit\u00f3ria registram um grave acidente de tr\u00e2nsito por volta das 18:50 horas desta sexta-feira, 29 de setembro, na Avenida Paula Freitas, bairro S\u00e3o Sebasti\u00e3o no Distrito de S\u00e3o Crist\u00f3v\u00e3o.<\/p>\n\n\n\n<figure class=\"wp-block-image size-large\"><img decoding=\"async\" src=\"https:\/\/radiostudiow.com.br\/site\/wp-content\/uploads\/2023\/08\/364006326_686744726826453_3740232185422345251_n-1024x390.png\" alt=\"\" class=\"wp-image-14090\"\/><\/figure>\n\n\n\n<p>De acordo com as informa\u00e7\u00f5es do Reporte Tiago Amaral, o acidente se tratou de uma colis\u00e3o frontal envolvendo um GM\/Corsa e um Fiat\/Uno. A batida mobilizou equipes do Corpo de Bombeiros e SAMU e deixou a avenida interditada.<\/p>\n\n\n\n<p>Cerca de 5 pessoas ficaram feridas em decorr\u00eancia do acidente, as quais foram socorridas e encaminhadas para cuidados m\u00e9dicos. Uma das v\u00edtimas estava em estado grave.<\/p>\n\n\n\n<figure class=\"wp-block-image size-full\"><img loading=\"lazy\" decoding=\"async\" width=\"500\" height=\"304\" src=\"https:\/\/radiostudiow.com.br\/site\/wp-content\/uploads\/2023\/09\/image-87.png\" alt=\"\" class=\"wp-image-15467\" srcset=\"https:\/\/radiostudiow.com.br\/site\/wp-content\/uploads\/2023\/09\/image-87.png 500w, https:\/\/radiostudiow.com.br\/site\/wp-content\/uploads\/2023\/09\/image-87-300x182.png 300w\" sizes=\"auto, (max-width: 500px) 100vw, 500px\" \/><\/figure>\n\n\n\n<p><em>Fonte: Reporte Tiago Amaral<\/em><\/p>\n","protected":false},"excerpt":{"rendered":"<p>Bombeiros de Uni\u00e3o da Vit\u00f3ria registram um grave acidente de tr\u00e2nsito por volta das 18:50 horas desta sexta-feira, 29 de setembro, na Avenida Paula Freitas, bairro S\u00e3o Sebasti\u00e3o no Distrito de S\u00e3o Crist\u00f3v\u00e3o. De acordo com as informa\u00e7\u00f5es do Reporte Tiago Amaral, o acidente se tratou de uma colis\u00e3o frontal envolvendo um GM\/Corsa e um [&hellip;]<\/p>\n","protected":false},"author":2,"featured_media":15468,"comment_status":"open","ping_status":"open","sticky":false,"template":"","format":"standard","meta":{"footnotes":""},"categories":[185],"tags":[172],"class_list":["post-15466","post","type-post","status-publish","format-standard","has-post-thumbnail","hentry","category-regional","tag-featured"],"amp_enabled":true,"_links":{"self":[{"href":"https:\/\/radiostudiow.com.br\/site\/wp-json\/wp\/v2\/posts\/15466","targetHints":{"allow":["GET"]}}],"collection":[{"href":"https:\/\/radiostudiow.com.br\/site\/wp-json\/wp\/v2\/posts"}],"about":[{"href":"https:\/\/radiostudiow.com.br\/site\/wp-json\/wp\/v2\/types\/post"}],"author":[{"embeddable":true,"href":"https:\/\/radiostudiow.com.br\/site\/wp-json\/wp\/v2\/users\/2"}],"replies":[{"embeddable":true,"href":"https:\/\/radiostudiow.com.br\/site\/wp-json\/wp\/v2\/comments?post=15466"}],"version-history":[{"count":4,"href":"https:\/\/radiostudiow.com.br\/site\/wp-json\/wp\/v2\/posts\/15466\/revisions"}],"predecessor-version":[{"id":33551,"href":"https:\/\/radiostudiow.com.br\/site\/wp-json\/wp\/v2\/posts\/15466\/revisions\/33551"}],"wp:featuredmedia":[{"embeddable":true,"href":"https:\/\/radiostudiow.com.br\/site\/wp-json\/wp\/v2\/media\/15468"}],"wp:attachment":[{"href":"https:\/\/radiostudiow.com.br\/site\/wp-json\/wp\/v2\/media?parent=15466"}],"wp:term":[{"taxonomy":"category","embeddable":true,"href":"https:\/\/radiostudiow.com.br\/site\/wp-json\/wp\/v2\/categories?post=15466"},{"taxonomy":"post_tag","embeddable":true,"href":"https:\/\/radiostudiow.com.br\/site\/wp-json\/wp\/v2\/tags?post=15466"}],"curies":[{"name":"wp","href":"https:\/\/api.w.org\/{rel}","templated":true}]}}