{"id":15483,"date":"2023-10-02T09:41:08","date_gmt":"2023-10-02T12:41:08","guid":{"rendered":"https:\/\/radiostudiow.com.br\/site\/?p=15483"},"modified":"2025-01-31T15:06:28","modified_gmt":"2025-01-31T18:06:28","slug":"atletas-malletenses-do-volei-de-areia-feminino-participam-da-fase-final-dos-jogos-da-juventude-do-parana-que-acontece-em-londrina","status":"publish","type":"post","link":"https:\/\/radiostudiow.com.br\/site\/2023\/10\/02\/atletas-malletenses-do-volei-de-areia-feminino-participam-da-fase-final-dos-jogos-da-juventude-do-parana-que-acontece-em-londrina\/","title":{"rendered":"ATLETAS MALLETENSES DO V\u00d4LEI DE AREIA FEMININO, PARTICIPAM DA FASE FINAL DOS JOGOS DA JUVENTUDE DO PARAN\u00c1 QUE ACONTECE EM LONDRINA"},"content":{"rendered":"\n<p><strong><em>A fase final dos Jogos da Juventude do Paran\u00e1 teve in\u00edcio&nbsp; neste final de semana na cidade de Londrina.<\/em><\/strong><\/p>\n\n\n\n<p>E as nossas atletas, Adriane Trojan (Drica), Tha\u00eds Pianaro e Camila Schuersovski que ficaram em segundo lugar na macro regional em Palmeira, se classificaram para as disputas com as melhores atletas do estado do Paran\u00e1.<\/p>\n\n\n\n<figure class=\"wp-block-image size-large\"><img decoding=\"async\" src=\"https:\/\/radiostudiow.com.br\/site\/wp-content\/uploads\/2023\/08\/364006326_686744726826453_3740232185422345251_n-1024x390.png\" alt=\"\" class=\"wp-image-14090\"\/><\/figure>\n\n\n\n<p>Al\u00e9m da cidade de Mallet, estava na chave os munic\u00edpios de Foz do Igua\u00e7u e Maring\u00e1 e somente uma equipe passaria para a final, onde tamb\u00e9m est\u00e3o participando da competi\u00e7\u00e3o as sele\u00e7\u00f5es das cidades de Curitiba, Paranava\u00ed, Figueira, Marechal C\u00e2ndido Rondon, Lobato, Cambar\u00e1, Toledo, Dois Vizinhos e a anfitri\u00e3 Londrina.&nbsp;<\/p>\n\n\n\n<p>Para a professora Gracielle Talar, a participa\u00e7\u00e3o das atletas malletenses na fase final dos Jogos da Juventude do Paran\u00e1,&nbsp; \u00e9 um sinal de crescimento da modalidade no munic\u00edpio.&#8221;Mesmo com dificuldades das atletas por n\u00e3o conseguirem compartilhar hor\u00e1rios de treinamentos,&nbsp; mostra que o empenho e a dedica\u00e7\u00e3o delas est\u00e3o em alta e o orgulho de representar Mallet nesta competi\u00e7\u00e3o \u00e9 um motivo de motiva\u00e7\u00e3o para outras atletas&#8221;,&nbsp; destacou Graci para a reportagem da Studio W.&nbsp;<\/p>\n\n\n\n<p>Na sexta-feira (29) , as atletas participaram no Gin\u00e1sio de Esportes Professor Darci Cortez, o popular Moring\u00e3o, da cerim\u00f4nia de Abertura e o pontap\u00e9 inicial do primeiro de dois finais de semana da \u00faltima etapa do JOJUPS.<\/p>\n\n\n\n<figure class=\"wp-block-image size-full\"><img decoding=\"async\" src=\"https:\/\/radiostudiow.com.br\/site\/wp-content\/uploads\/2023\/05\/image-2.png\" alt=\"\" class=\"wp-image-12867\"\/><\/figure>\n\n\n\n<p>&nbsp;A primeira parte seguiu at\u00e9 domingo (01) enquanto a segunda parte acontecer\u00e1 entre os dias 19 e 22 de outubro.<\/p>\n\n\n\n<p>A competi\u00e7\u00e3o \u00e9 uma realiza\u00e7\u00e3o do Governo do Estado, por meio da Secretaria do Esporte, em parceria com as federa\u00e7\u00f5es desportivas e a Prefeitura de Londrina. Os JOJUPs fazem parte dos 11 jogos oficiais do Estado, realizados anualmente e que atendem atletas de todas as idades.<\/p>\n\n\n\n<figure class=\"wp-block-image size-large\"><img loading=\"lazy\" decoding=\"async\" width=\"1024\" height=\"682\" src=\"https:\/\/radiostudiow.com.br\/site\/wp-content\/uploads\/2023\/10\/image-1024x682.png\" alt=\"\" class=\"wp-image-15484\" srcset=\"https:\/\/radiostudiow.com.br\/site\/wp-content\/uploads\/2023\/10\/image-1024x682.png 1024w, https:\/\/radiostudiow.com.br\/site\/wp-content\/uploads\/2023\/10\/image-300x200.png 300w, https:\/\/radiostudiow.com.br\/site\/wp-content\/uploads\/2023\/10\/image-768x511.png 768w, https:\/\/radiostudiow.com.br\/site\/wp-content\/uploads\/2023\/10\/image.png 1080w\" sizes=\"auto, (max-width: 1024px) 100vw, 1024px\" \/><\/figure>\n\n\n\n<figure class=\"wp-block-image size-large\"><img loading=\"lazy\" decoding=\"async\" width=\"1024\" height=\"646\" src=\"https:\/\/radiostudiow.com.br\/site\/wp-content\/uploads\/2023\/10\/image-1-1024x646.png\" alt=\"\" class=\"wp-image-15485\" srcset=\"https:\/\/radiostudiow.com.br\/site\/wp-content\/uploads\/2023\/10\/image-1-1024x646.png 1024w, https:\/\/radiostudiow.com.br\/site\/wp-content\/uploads\/2023\/10\/image-1-300x189.png 300w, https:\/\/radiostudiow.com.br\/site\/wp-content\/uploads\/2023\/10\/image-1-768x484.png 768w, https:\/\/radiostudiow.com.br\/site\/wp-content\/uploads\/2023\/10\/image-1-1536x969.png 1536w, https:\/\/radiostudiow.com.br\/site\/wp-content\/uploads\/2023\/10\/image-1.png 1600w\" sizes=\"auto, (max-width: 1024px) 100vw, 1024px\" \/><\/figure>\n\n\n\n<figure class=\"wp-block-image size-large\"><img loading=\"lazy\" decoding=\"async\" width=\"1024\" height=\"727\" src=\"https:\/\/radiostudiow.com.br\/site\/wp-content\/uploads\/2023\/10\/image-2-1024x727.png\" alt=\"\" class=\"wp-image-15486\" srcset=\"https:\/\/radiostudiow.com.br\/site\/wp-content\/uploads\/2023\/10\/image-2-1024x727.png 1024w, https:\/\/radiostudiow.com.br\/site\/wp-content\/uploads\/2023\/10\/image-2-300x213.png 300w, https:\/\/radiostudiow.com.br\/site\/wp-content\/uploads\/2023\/10\/image-2-768x545.png 768w, https:\/\/radiostudiow.com.br\/site\/wp-content\/uploads\/2023\/10\/image-2.png 1393w\" sizes=\"auto, (max-width: 1024px) 100vw, 1024px\" \/><\/figure>\n\n\n\n<figure class=\"wp-block-image size-large\"><img loading=\"lazy\" decoding=\"async\" width=\"1024\" height=\"643\" src=\"https:\/\/radiostudiow.com.br\/site\/wp-content\/uploads\/2023\/10\/image-3-1024x643.png\" alt=\"\" class=\"wp-image-15487\" srcset=\"https:\/\/radiostudiow.com.br\/site\/wp-content\/uploads\/2023\/10\/image-3-1024x643.png 1024w, https:\/\/radiostudiow.com.br\/site\/wp-content\/uploads\/2023\/10\/image-3-300x188.png 300w, https:\/\/radiostudiow.com.br\/site\/wp-content\/uploads\/2023\/10\/image-3-768x482.png 768w, https:\/\/radiostudiow.com.br\/site\/wp-content\/uploads\/2023\/10\/image-3-1536x965.png 1536w, https:\/\/radiostudiow.com.br\/site\/wp-content\/uploads\/2023\/10\/image-3.png 1600w\" sizes=\"auto, (max-width: 1024px) 100vw, 1024px\" \/><\/figure>\n","protected":false},"excerpt":{"rendered":"<p>A fase final dos Jogos da Juventude do Paran\u00e1 teve in\u00edcio&nbsp; neste final de semana na cidade de Londrina. E as nossas atletas, Adriane Trojan (Drica), Tha\u00eds Pianaro e Camila Schuersovski que ficaram em segundo lugar na macro regional em Palmeira, se classificaram para as disputas com as melhores atletas do estado do Paran\u00e1. Al\u00e9m [&hellip;]<\/p>\n","protected":false},"author":2,"featured_media":15488,"comment_status":"open","ping_status":"open","sticky":false,"template":"","format":"standard","meta":{"footnotes":""},"categories":[184],"tags":[172],"class_list":["post-15483","post","type-post","status-publish","format-standard","has-post-thumbnail","hentry","category-local","tag-featured"],"amp_enabled":true,"_links":{"self":[{"href":"https:\/\/radiostudiow.com.br\/site\/wp-json\/wp\/v2\/posts\/15483","targetHints":{"allow":["GET"]}}],"collection":[{"href":"https:\/\/radiostudiow.com.br\/site\/wp-json\/wp\/v2\/posts"}],"about":[{"href":"https:\/\/radiostudiow.com.br\/site\/wp-json\/wp\/v2\/types\/post"}],"author":[{"embeddable":true,"href":"https:\/\/radiostudiow.com.br\/site\/wp-json\/wp\/v2\/users\/2"}],"replies":[{"embeddable":true,"href":"https:\/\/radiostudiow.com.br\/site\/wp-json\/wp\/v2\/comments?post=15483"}],"version-history":[{"count":2,"href":"https:\/\/radiostudiow.com.br\/site\/wp-json\/wp\/v2\/posts\/15483\/revisions"}],"predecessor-version":[{"id":15490,"href":"https:\/\/radiostudiow.com.br\/site\/wp-json\/wp\/v2\/posts\/15483\/revisions\/15490"}],"wp:featuredmedia":[{"embeddable":true,"href":"https:\/\/radiostudiow.com.br\/site\/wp-json\/wp\/v2\/media\/15488"}],"wp:attachment":[{"href":"https:\/\/radiostudiow.com.br\/site\/wp-json\/wp\/v2\/media?parent=15483"}],"wp:term":[{"taxonomy":"category","embeddable":true,"href":"https:\/\/radiostudiow.com.br\/site\/wp-json\/wp\/v2\/categories?post=15483"},{"taxonomy":"post_tag","embeddable":true,"href":"https:\/\/radiostudiow.com.br\/site\/wp-json\/wp\/v2\/tags?post=15483"}],"curies":[{"name":"wp","href":"https:\/\/api.w.org\/{rel}","templated":true}]}}