{"id":15493,"date":"2023-10-02T12:02:17","date_gmt":"2023-10-02T15:02:17","guid":{"rendered":"https:\/\/radiostudiow.com.br\/site\/?p=15493"},"modified":"2025-01-31T15:06:28","modified_gmt":"2025-01-31T18:06:28","slug":"camionete-furtada-em-bituruna-e-encontrada-abandonada-em-estrada-de-general-carneiro","status":"publish","type":"post","link":"https:\/\/radiostudiow.com.br\/site\/2023\/10\/02\/camionete-furtada-em-bituruna-e-encontrada-abandonada-em-estrada-de-general-carneiro\/","title":{"rendered":"CAMINHONETE FURTADA EM BITURUNA \u00c9 ENCONTRADA ABANDONADA EM ESTRADA DE GENERAL CARNEIRO"},"content":{"rendered":"\n<p>A caminhonete Ford\/F100 de cor vermelha, modelo 1997 que foi furtada na tarde dessa sexta-feira, 29 de setembro, na cidade de Bituruna, foi recuperada pela Pol\u00edcia Militar ap\u00f3s ter sido abandonado pelos autores do furto.<\/p>\n\n\n\n<figure class=\"wp-block-image size-full\"><img decoding=\"async\" src=\"https:\/\/radiostudiow.com.br\/site\/wp-content\/uploads\/2023\/08\/image-125.png\" alt=\"\" class=\"wp-image-14658\"\/><\/figure>\n\n\n\n<p>Uma caminhonete foi abandonada rodovia SC-462, conhecida como estrada da Paca que liga a cidade de Matos Costa e a BR-153 em General Carneiro. O ve\u00edculo estava sem condi\u00e7\u00f5es de transitar.<\/p>\n\n\n\n<p>A situa\u00e7\u00e3o mobilizou a Pol\u00edcia do Paran\u00e1 e Santa Catarina, sendo acionado o propriet\u00e1rio do ve\u00edculo que fez contato com uma empresa de guincho, sendo encaminhado o ve\u00edculo para procedimentos cab\u00edveis.<\/p>\n\n\n\n<p><a href=\"https:\/\/canal4.tv.br\/wp-content\/uploads\/2023\/09\/WhatsApp-Image-2023-09-29-at-20.18.52.jpeg\"><\/a><\/p>\n","protected":false},"excerpt":{"rendered":"<p>A caminhonete Ford\/F100 de cor vermelha, modelo 1997 que foi furtada na tarde dessa sexta-feira, 29 de setembro, na cidade de Bituruna, foi recuperada pela Pol\u00edcia Militar ap\u00f3s ter sido abandonado pelos autores do furto. Uma caminhonete foi abandonada rodovia SC-462, conhecida como estrada da Paca que liga a cidade de Matos Costa e a [&hellip;]<\/p>\n","protected":false},"author":2,"featured_media":15494,"comment_status":"open","ping_status":"open","sticky":false,"template":"","format":"standard","meta":{"footnotes":""},"categories":[2],"tags":[172],"class_list":["post-15493","post","type-post","status-publish","format-standard","has-post-thumbnail","hentry","category-policial","tag-featured"],"amp_enabled":true,"_links":{"self":[{"href":"https:\/\/radiostudiow.com.br\/site\/wp-json\/wp\/v2\/posts\/15493","targetHints":{"allow":["GET"]}}],"collection":[{"href":"https:\/\/radiostudiow.com.br\/site\/wp-json\/wp\/v2\/posts"}],"about":[{"href":"https:\/\/radiostudiow.com.br\/site\/wp-json\/wp\/v2\/types\/post"}],"author":[{"embeddable":true,"href":"https:\/\/radiostudiow.com.br\/site\/wp-json\/wp\/v2\/users\/2"}],"replies":[{"embeddable":true,"href":"https:\/\/radiostudiow.com.br\/site\/wp-json\/wp\/v2\/comments?post=15493"}],"version-history":[{"count":4,"href":"https:\/\/radiostudiow.com.br\/site\/wp-json\/wp\/v2\/posts\/15493\/revisions"}],"predecessor-version":[{"id":15515,"href":"https:\/\/radiostudiow.com.br\/site\/wp-json\/wp\/v2\/posts\/15493\/revisions\/15515"}],"wp:featuredmedia":[{"embeddable":true,"href":"https:\/\/radiostudiow.com.br\/site\/wp-json\/wp\/v2\/media\/15494"}],"wp:attachment":[{"href":"https:\/\/radiostudiow.com.br\/site\/wp-json\/wp\/v2\/media?parent=15493"}],"wp:term":[{"taxonomy":"category","embeddable":true,"href":"https:\/\/radiostudiow.com.br\/site\/wp-json\/wp\/v2\/categories?post=15493"},{"taxonomy":"post_tag","embeddable":true,"href":"https:\/\/radiostudiow.com.br\/site\/wp-json\/wp\/v2\/tags?post=15493"}],"curies":[{"name":"wp","href":"https:\/\/api.w.org\/{rel}","templated":true}]}}