{"id":15499,"date":"2023-10-02T11:24:35","date_gmt":"2023-10-02T14:24:35","guid":{"rendered":"https:\/\/radiostudiow.com.br\/site\/?p=15499"},"modified":"2025-01-31T15:06:28","modified_gmt":"2025-01-31T18:06:28","slug":"familia-confirma-que-corpo-encontrado-no-rio-iguacu-e-de-janete","status":"publish","type":"post","link":"https:\/\/radiostudiow.com.br\/site\/2023\/10\/02\/familia-confirma-que-corpo-encontrado-no-rio-iguacu-e-de-janete\/","title":{"rendered":"FAM\u00cdLIA CONFIRMA QUE CORPO ENCONTRADO NO RIO IGUA\u00c7U \u00c9 DE JANETE"},"content":{"rendered":"\n<p>A reportagem da RDX recebeu a confirma\u00e7\u00e3o da fam\u00edlia de que o corpo encontrado em avan\u00e7ado estado de decomposi\u00e7\u00e3o no Rio Igua\u00e7u \u00e9 de Janete Gon\u00e7alves Padilha, de 46 anos.<\/p>\n\n\n\n<p>Essa \u00e9 uma resposta para a fam\u00edlia que h\u00e1 6 meses estava em busca de informa\u00e7\u00f5es sobre o paradeiro da s\u00e3o-mateuense. O corpo foi encontrado na quarta-feira (27), durante buscas aqu\u00e1ticas e encaminhado para aut\u00f3psia para identifica\u00e7\u00e3o.<\/p>\n\n\n\n<p>O corpo ser\u00e1 sepultado no domingo (1\u00ba), no cemit\u00e9rio da Col\u00f4nia Taquaral.<\/p>\n\n\n\n<figure class=\"wp-block-image size-large\"><img decoding=\"async\" src=\"https:\/\/radiostudiow.com.br\/site\/wp-content\/uploads\/2023\/05\/image-8-1024x392.png\" alt=\"\" class=\"wp-image-12937\"\/><\/figure>\n\n\n\n<h2 class=\"wp-block-heading\"><strong>RELEMBRE O CASO<\/strong><\/h2>\n\n\n\n<p>Janete estaria com o companheiro Leomar de Paula Amarante na noite do desaparecimento. O carro usado pelo casal foi encontrado submerso no Rio Igua\u00e7u na manh\u00e3 do dia 29 de mar\u00e7o. A retirada do ve\u00edculo aconteceu com o apoio dos mergulhadores dos Bombeiros, em que foi identificado que n\u00e3o havia nenhum corpo dentro do ve\u00edculo. Na mesma data, no in\u00edcio da tarde, o corpo de Leomar foi encontrado sem vida na regi\u00e3o da Vila Amaral.<\/p>\n\n\n\n<figure class=\"wp-block-image size-full\"><img decoding=\"async\" src=\"https:\/\/radiostudiow.com.br\/site\/wp-content\/uploads\/2023\/03\/WhatsApp-Image-2023-03-28-at-15.58.48.png\" alt=\"\" class=\"wp-image-12057\"\/><\/figure>\n\n\n\n<h2 class=\"wp-block-heading\"><strong>\u201cFicamos 6 meses ouvindo difama\u00e7\u00f5es e cal\u00fanias contra a Janete\u201d, diz fam\u00edlia em carta<\/strong><\/h2>\n\n\n\n<p>No fim de semana, Pol\u00edcia Civil e familiares confirmaram que o<strong>\u00a0corpo encontrado em avan\u00e7ado estado de decomposi\u00e7\u00e3o no Rio Igua\u00e7u era de Janete Gon\u00e7alves Padilha, de 46 anos<\/strong>.\u00a0<strong>A confirma\u00e7\u00e3o do Instituto M\u00e9dico Legal (IML) aos familiares e Pol\u00edcia Civil aconteceu atrav\u00e9s de exame dos arcos dentais.<\/strong>\u00a0O corpo foi sepultado domingo (1\u00ba), no Cemit\u00e9rio da Col\u00f4nia Taquaral.<\/p>\n\n\n\n<p>Janete estava desaparecida h\u00e1 6 meses, e<strong>\u00a0somente durante as buscas por duas crian\u00e7as que se afogaram no Rio Igua\u00e7u,\u00a0no dia 27 de setembro os restos mortais de Janete foram encontrados pelo Corpo de Bombeiros de S\u00e3o Mateus do Sul.\u00a0<\/strong>Janete estaria com o companheiro Leomar de Paula Amarante na noite do desaparecimento. O carro usado pelo casal foi encontrado submerso no Rio Igua\u00e7u na manh\u00e3 do dia 29 de mar\u00e7o. A retirada do ve\u00edculo aconteceu com o apoio dos mergulhadores dos Bombeiros, em que foi identificado que n\u00e3o havia nenhum corpo dentro do ve\u00edculo. Na mesma data, no in\u00edcio da tarde, o corpo de Leomar foi encontrado nas \u00e1guas do Igua\u00e7u na regi\u00e3o da Vila Amaral.<\/p>\n\n\n\n<figure class=\"wp-block-image size-full\"><img decoding=\"async\" src=\"https:\/\/radiostudiow.com.br\/site\/wp-content\/uploads\/2023\/03\/image-26.png\" alt=\"\" class=\"wp-image-12088\"\/><\/figure>\n\n\n\n<p>A reportagem da RDX recebeu uma carta de familiares de Janete, que desabafaram sobre os meses de ang\u00fastia sem informa\u00e7\u00f5es do paradeiro da moradora.<\/p>\n\n\n\n<p><em>\u201cQueremos fazer um desabafo, primeiro agradecer os Bombeiros que a encontraram e aos jovens que morreram que se n\u00e3o fosse por essa trag\u00e9dia jamais ir\u00edamos saber do paradeiro da nossa irm\u00e3, pois h\u00e1 6 meses suspenderam as buscas e deixaram de procurar, n\u00e3o sabemos o porqu\u00ea\u2026 Semana passada esses guerreiros na busca pelas crian\u00e7as encontraram ela, mas ficamos 6 meses ouvindo difama\u00e7\u00f5es e cal\u00fanias contra a Janete, coment\u00e1rios maldosos, coisas horr\u00edveis\u2026<\/em><\/p>\n\n\n\n<p><em>Pessoas afirmando que ela estava viva e agora que acharam o corpo, queremos ver esses faladores\u2026 Nossa irm\u00e3 era um ser humano bom, uma pessoa boa que n\u00e3o fazia mal a ningu\u00e9m, s\u00f3 sabia trabalhar e cuidar da fam\u00edlia e infelizmente isso aconteceu.<\/em><\/p>\n\n\n\n<p><em>Agora queremos pedir aqui o que toda nossa fam\u00edlia espera e tamb\u00e9m imagino que a do marido dela tamb\u00e9m: queremos saber da Pol\u00edcia o que de fato aconteceu com eles\u2026 Queremos respostas, j\u00e1 ficamos 6 meses sofrendo pela espera de encontrar ela e s\u00f3 foi enterrado os restos mortais da Janete, muito triste pois agora queremos saber o que aconteceu\u2026 Que n\u00e3o fique assim por mais muito tempo ou no esquecimento sem sabermos o que aconteceu\u201d,<\/em>\u00a0disse a fam\u00edlia.<\/p>\n\n\n\n<figure class=\"wp-block-image size-full\"><img decoding=\"async\" src=\"https:\/\/radiostudiow.com.br\/site\/wp-content\/uploads\/2023\/08\/image-127.png\" alt=\"\" class=\"wp-image-14660\"\/><\/figure>\n\n\n\n<p><strong>O que diz a Pol\u00edcia Civil<\/strong><\/p>\n\n\n\n<p>No fim de semana a RDX conversou com o delegado S\u00e9rgio Luiz Alves, de S\u00e3o Mateus do Sul, questionando se havia a possibilidade de uma terceira pessoa envolvida na morte do casal. Segundo ele, n\u00e3o existe um \u00fanico ind\u00edcio que permita \u201celocubrar\u201d sobre a possibilidade de mais algu\u00e9m envolvido no fato, mas sim, um motivo ainda desconhecido que levou Leomar lan\u00e7ar o carro no Rio Igua\u00e7u, causando a morte de ambos.<\/p>\n\n\n\n<p>FONTE: Portal RDX<\/p>\n","protected":false},"excerpt":{"rendered":"<p>A reportagem da RDX recebeu a confirma\u00e7\u00e3o da fam\u00edlia de que o corpo encontrado em avan\u00e7ado estado de decomposi\u00e7\u00e3o no Rio Igua\u00e7u \u00e9 de Janete Gon\u00e7alves Padilha, de 46 anos. Essa \u00e9 uma resposta para a fam\u00edlia que h\u00e1 6 meses estava em busca de informa\u00e7\u00f5es sobre o paradeiro da s\u00e3o-mateuense. O corpo foi encontrado [&hellip;]<\/p>\n","protected":false},"author":2,"featured_media":15500,"comment_status":"open","ping_status":"open","sticky":false,"template":"","format":"standard","meta":{"footnotes":""},"categories":[185],"tags":[172],"class_list":["post-15499","post","type-post","status-publish","format-standard","has-post-thumbnail","hentry","category-regional","tag-featured"],"amp_enabled":true,"_links":{"self":[{"href":"https:\/\/radiostudiow.com.br\/site\/wp-json\/wp\/v2\/posts\/15499","targetHints":{"allow":["GET"]}}],"collection":[{"href":"https:\/\/radiostudiow.com.br\/site\/wp-json\/wp\/v2\/posts"}],"about":[{"href":"https:\/\/radiostudiow.com.br\/site\/wp-json\/wp\/v2\/types\/post"}],"author":[{"embeddable":true,"href":"https:\/\/radiostudiow.com.br\/site\/wp-json\/wp\/v2\/users\/2"}],"replies":[{"embeddable":true,"href":"https:\/\/radiostudiow.com.br\/site\/wp-json\/wp\/v2\/comments?post=15499"}],"version-history":[{"count":2,"href":"https:\/\/radiostudiow.com.br\/site\/wp-json\/wp\/v2\/posts\/15499\/revisions"}],"predecessor-version":[{"id":15505,"href":"https:\/\/radiostudiow.com.br\/site\/wp-json\/wp\/v2\/posts\/15499\/revisions\/15505"}],"wp:featuredmedia":[{"embeddable":true,"href":"https:\/\/radiostudiow.com.br\/site\/wp-json\/wp\/v2\/media\/15500"}],"wp:attachment":[{"href":"https:\/\/radiostudiow.com.br\/site\/wp-json\/wp\/v2\/media?parent=15499"}],"wp:term":[{"taxonomy":"category","embeddable":true,"href":"https:\/\/radiostudiow.com.br\/site\/wp-json\/wp\/v2\/categories?post=15499"},{"taxonomy":"post_tag","embeddable":true,"href":"https:\/\/radiostudiow.com.br\/site\/wp-json\/wp\/v2\/tags?post=15499"}],"curies":[{"name":"wp","href":"https:\/\/api.w.org\/{rel}","templated":true}]}}