{"id":15535,"date":"2023-10-03T10:18:58","date_gmt":"2023-10-03T13:18:58","guid":{"rendered":"https:\/\/radiostudiow.com.br\/site\/?p=15535"},"modified":"2025-01-31T15:06:27","modified_gmt":"2025-01-31T18:06:27","slug":"registrado-acidente-na-pr-447-que-liga-as-cidades-de-uniao-da-vitoria-e-cruz-machado","status":"publish","type":"post","link":"https:\/\/radiostudiow.com.br\/site\/2023\/10\/03\/registrado-acidente-na-pr-447-que-liga-as-cidades-de-uniao-da-vitoria-e-cruz-machado\/","title":{"rendered":"REGISTRADO ACIDENTE NA PR-447 QUE LIGA AS CIDADES DE UNI\u00c3O DA VIT\u00d3RIA E CRUZ MACHADO"},"content":{"rendered":"\n<p>Uma colis\u00e3o foi registrada por volta das 06:10 horas desta ter\u00e7a-feira, 03 de outubro, mobilizou equipes do Corpo de Bombeiros e da Pol\u00edcia Rodovi\u00e1ria Estadual \u2013 PRE. O acidente deixou tr\u00e2nsito da rodovia PR-447, que liga Uni\u00e3o da Vit\u00f3ria e Cruz Machado bloqueado.<\/p>\n\n\n\n<figure class=\"wp-block-image size-full\"><img decoding=\"async\" src=\"https:\/\/radiostudiow.com.br\/site\/wp-content\/uploads\/2023\/08\/image-127.png\" alt=\"\" class=\"wp-image-14660\"\/><\/figure>\n\n\n\n<p>O motorista perdeu o controle de um caminh\u00e3o carregado de areia e acabou saindo da pista, vindo a colidir contra um barranco, na regi\u00e3o conhecida como Vila Zulmira.<\/p>\n\n\n\n<p>O motorista de 48 anos, foi socorrido e encaminhado para cuidados m\u00e9dicos. Com o acidente e movimenta\u00e7\u00e3o das equipes de socorro, o tr\u00e2nsito ficou bloqueado, gerando enorme fila de ambos os lados.<\/p>\n\n\n\n<p><strong>O tr\u00e2nsito j\u00e1 est\u00e1 fluindo normalmente, segundo a PRE.<\/strong><\/p>\n","protected":false},"excerpt":{"rendered":"<p>Uma colis\u00e3o foi registrada por volta das 06:10 horas desta ter\u00e7a-feira, 03 de outubro, mobilizou equipes do Corpo de Bombeiros e da Pol\u00edcia Rodovi\u00e1ria Estadual \u2013 PRE. O acidente deixou tr\u00e2nsito da rodovia PR-447, que liga Uni\u00e3o da Vit\u00f3ria e Cruz Machado bloqueado. O motorista perdeu o controle de um caminh\u00e3o carregado de areia e [&hellip;]<\/p>\n","protected":false},"author":2,"featured_media":15536,"comment_status":"open","ping_status":"open","sticky":false,"template":"","format":"standard","meta":{"footnotes":""},"categories":[185],"tags":[172],"class_list":["post-15535","post","type-post","status-publish","format-standard","has-post-thumbnail","hentry","category-regional","tag-featured"],"amp_enabled":true,"_links":{"self":[{"href":"https:\/\/radiostudiow.com.br\/site\/wp-json\/wp\/v2\/posts\/15535","targetHints":{"allow":["GET"]}}],"collection":[{"href":"https:\/\/radiostudiow.com.br\/site\/wp-json\/wp\/v2\/posts"}],"about":[{"href":"https:\/\/radiostudiow.com.br\/site\/wp-json\/wp\/v2\/types\/post"}],"author":[{"embeddable":true,"href":"https:\/\/radiostudiow.com.br\/site\/wp-json\/wp\/v2\/users\/2"}],"replies":[{"embeddable":true,"href":"https:\/\/radiostudiow.com.br\/site\/wp-json\/wp\/v2\/comments?post=15535"}],"version-history":[{"count":2,"href":"https:\/\/radiostudiow.com.br\/site\/wp-json\/wp\/v2\/posts\/15535\/revisions"}],"predecessor-version":[{"id":15540,"href":"https:\/\/radiostudiow.com.br\/site\/wp-json\/wp\/v2\/posts\/15535\/revisions\/15540"}],"wp:featuredmedia":[{"embeddable":true,"href":"https:\/\/radiostudiow.com.br\/site\/wp-json\/wp\/v2\/media\/15536"}],"wp:attachment":[{"href":"https:\/\/radiostudiow.com.br\/site\/wp-json\/wp\/v2\/media?parent=15535"}],"wp:term":[{"taxonomy":"category","embeddable":true,"href":"https:\/\/radiostudiow.com.br\/site\/wp-json\/wp\/v2\/categories?post=15535"},{"taxonomy":"post_tag","embeddable":true,"href":"https:\/\/radiostudiow.com.br\/site\/wp-json\/wp\/v2\/tags?post=15535"}],"curies":[{"name":"wp","href":"https:\/\/api.w.org\/{rel}","templated":true}]}}