{"id":15547,"date":"2023-10-03T16:34:03","date_gmt":"2023-10-03T19:34:03","guid":{"rendered":"https:\/\/radiostudiow.com.br\/site\/?p=15547"},"modified":"2025-01-31T15:06:27","modified_gmt":"2025-01-31T18:06:27","slug":"motorista-de-carreta-julieta-perde-o-controle-da-direcao-e-cai-em-um-riacho-nas-margens-da-br-153-em-mallet","status":"publish","type":"post","link":"https:\/\/radiostudiow.com.br\/site\/2023\/10\/03\/motorista-de-carreta-julieta-perde-o-controle-da-direcao-e-cai-em-um-riacho-nas-margens-da-br-153-em-mallet\/","title":{"rendered":"MOTORISTA DE CARRETA JULIETA PERDE O CONTROLE DA DIRE\u00c7\u00c3O E CAI EM UM RIACHO NAS MARGENS DA BR 153 EM MALLET"},"content":{"rendered":"\n<figure class=\"wp-block-image size-full\"><img decoding=\"async\" src=\"https:\/\/radiostudiow.com.br\/site\/wp-content\/uploads\/2023\/05\/image-2.png\" alt=\"\" class=\"wp-image-12867\"\/><\/figure>\n\n\n\n<p>Na manh\u00e3 desta ter\u00e7a-feira dia 03 de outubro,&nbsp; por volta das 07:50 horas,&nbsp; a equipe dos Bombeiros Comunit\u00e1rios de Mallet foi acionada para atender a um acidente envolvendo uma carreta Julieta com placas do Mercosul,&nbsp; onde de acordo com informa\u00e7\u00f5es,&nbsp; o condutor teria&nbsp; perdido&nbsp; o controle e invadido uma mata por cerca de uns 100 metros da rodovia, vindo a cair em um riacho que passa nas imedia\u00e7\u00f5es.&nbsp;<\/p>\n\n\n\n<p>Juntamente com a ambul\u00e2ncia de plant\u00e3o da Secretaria de Sa\u00fade,&nbsp; foram realizados&nbsp; os primeiros socorros, e pelas imagens se tem a no\u00e7\u00e3o certa do tamanho do estrago e das propor\u00e7\u00f5es do acidente.&nbsp;<\/p>\n\n\n\n<p>No local na BR 153 na localidade de Vera Cruz em Mallet,&nbsp; mais precisamente no km 381, j\u00e1 estava&nbsp; presente o 2\u2070 Sargento Pacholok do Corpo de Bombeiros de Irati,&nbsp; onde realizou os primeiros&nbsp; atendimentos.&nbsp;<\/p>\n\n\n\n<figure class=\"wp-block-image size-full\"><img decoding=\"async\" src=\"https:\/\/radiostudiow.com.br\/site\/wp-content\/uploads\/2023\/08\/image-127.png\" alt=\"\" class=\"wp-image-14660\"\/><\/figure>\n\n\n\n<p>Segundo Pacholok, a v\u00edtima, um masculino de 63 anos de idade, sofreu apenas ferimentos leves na regi\u00e3o da cabe\u00e7a,&nbsp; sendo levado para o Hospital S\u00e3o Pedro.<\/p>\n\n\n\n<p>O fluxo de ve\u00edculos no local do acidente se deu de forma tranquila, j\u00e1 que n\u00e3o\u00a0 houve\u00a0 nenhum\u00a0 problema deixado da pista.<\/p>\n\n\n\n<figure class=\"wp-block-video\"><video controls preload=\"auto\" src=\"https:\/\/radiostudiow.com.br\/site\/wp-content\/uploads\/2023\/10\/Untitled-3-1.mp4\"><\/video><\/figure>\n\n\n\n<figure class=\"wp-block-image size-large\"><img loading=\"lazy\" decoding=\"async\" width=\"576\" height=\"1024\" src=\"https:\/\/radiostudiow.com.br\/site\/wp-content\/uploads\/2023\/10\/fb9dbe1a-f54e-44f5-b25c-1fe54e3e4c1e2-576x1024.png\" alt=\"\" class=\"wp-image-15548\" srcset=\"https:\/\/radiostudiow.com.br\/site\/wp-content\/uploads\/2023\/10\/fb9dbe1a-f54e-44f5-b25c-1fe54e3e4c1e2-576x1024.png 576w, https:\/\/radiostudiow.com.br\/site\/wp-content\/uploads\/2023\/10\/fb9dbe1a-f54e-44f5-b25c-1fe54e3e4c1e2-169x300.png 169w, https:\/\/radiostudiow.com.br\/site\/wp-content\/uploads\/2023\/10\/fb9dbe1a-f54e-44f5-b25c-1fe54e3e4c1e2-768x1365.png 768w, https:\/\/radiostudiow.com.br\/site\/wp-content\/uploads\/2023\/10\/fb9dbe1a-f54e-44f5-b25c-1fe54e3e4c1e2-864x1536.png 864w, https:\/\/radiostudiow.com.br\/site\/wp-content\/uploads\/2023\/10\/fb9dbe1a-f54e-44f5-b25c-1fe54e3e4c1e2.png 900w\" sizes=\"auto, (max-width: 576px) 100vw, 576px\" \/><\/figure>\n\n\n\n<figure class=\"wp-block-image size-large\"><img loading=\"lazy\" decoding=\"async\" width=\"576\" height=\"1024\" src=\"https:\/\/radiostudiow.com.br\/site\/wp-content\/uploads\/2023\/10\/fb9dbe1a-f54e-44f5-b25c-1fe54e3e4c1e3-576x1024.png\" alt=\"\" class=\"wp-image-15553\" srcset=\"https:\/\/radiostudiow.com.br\/site\/wp-content\/uploads\/2023\/10\/fb9dbe1a-f54e-44f5-b25c-1fe54e3e4c1e3-576x1024.png 576w, https:\/\/radiostudiow.com.br\/site\/wp-content\/uploads\/2023\/10\/fb9dbe1a-f54e-44f5-b25c-1fe54e3e4c1e3-169x300.png 169w, https:\/\/radiostudiow.com.br\/site\/wp-content\/uploads\/2023\/10\/fb9dbe1a-f54e-44f5-b25c-1fe54e3e4c1e3-768x1365.png 768w, https:\/\/radiostudiow.com.br\/site\/wp-content\/uploads\/2023\/10\/fb9dbe1a-f54e-44f5-b25c-1fe54e3e4c1e3-864x1536.png 864w, https:\/\/radiostudiow.com.br\/site\/wp-content\/uploads\/2023\/10\/fb9dbe1a-f54e-44f5-b25c-1fe54e3e4c1e3.png 900w\" sizes=\"auto, (max-width: 576px) 100vw, 576px\" \/><\/figure>\n\n\n\n<figure class=\"wp-block-image size-large\"><img loading=\"lazy\" decoding=\"async\" width=\"576\" height=\"1024\" src=\"https:\/\/radiostudiow.com.br\/site\/wp-content\/uploads\/2023\/10\/fb9dbe1a-f54e-44f5-b25c-1fe54e3e4c1e4-1-576x1024.png\" alt=\"\" class=\"wp-image-15554\" srcset=\"https:\/\/radiostudiow.com.br\/site\/wp-content\/uploads\/2023\/10\/fb9dbe1a-f54e-44f5-b25c-1fe54e3e4c1e4-1-576x1024.png 576w, https:\/\/radiostudiow.com.br\/site\/wp-content\/uploads\/2023\/10\/fb9dbe1a-f54e-44f5-b25c-1fe54e3e4c1e4-1-169x300.png 169w, https:\/\/radiostudiow.com.br\/site\/wp-content\/uploads\/2023\/10\/fb9dbe1a-f54e-44f5-b25c-1fe54e3e4c1e4-1-768x1365.png 768w, https:\/\/radiostudiow.com.br\/site\/wp-content\/uploads\/2023\/10\/fb9dbe1a-f54e-44f5-b25c-1fe54e3e4c1e4-1-864x1536.png 864w, https:\/\/radiostudiow.com.br\/site\/wp-content\/uploads\/2023\/10\/fb9dbe1a-f54e-44f5-b25c-1fe54e3e4c1e4-1.png 900w\" sizes=\"auto, (max-width: 576px) 100vw, 576px\" \/><\/figure>\n","protected":false},"excerpt":{"rendered":"<p>Na manh\u00e3 desta ter\u00e7a-feira dia 03 de outubro,&nbsp; por volta das 07:50 horas,&nbsp; a equipe dos Bombeiros Comunit\u00e1rios de Mallet foi acionada para atender a um acidente envolvendo uma carreta Julieta com placas do Mercosul,&nbsp; onde de acordo com informa\u00e7\u00f5es,&nbsp; o condutor teria&nbsp; perdido&nbsp; o controle e invadido uma mata por cerca de uns 100 [&hellip;]<\/p>\n","protected":false},"author":2,"featured_media":15549,"comment_status":"open","ping_status":"open","sticky":false,"template":"","format":"standard","meta":{"footnotes":""},"categories":[184],"tags":[172],"class_list":["post-15547","post","type-post","status-publish","format-standard","has-post-thumbnail","hentry","category-local","tag-featured"],"amp_enabled":true,"_links":{"self":[{"href":"https:\/\/radiostudiow.com.br\/site\/wp-json\/wp\/v2\/posts\/15547","targetHints":{"allow":["GET"]}}],"collection":[{"href":"https:\/\/radiostudiow.com.br\/site\/wp-json\/wp\/v2\/posts"}],"about":[{"href":"https:\/\/radiostudiow.com.br\/site\/wp-json\/wp\/v2\/types\/post"}],"author":[{"embeddable":true,"href":"https:\/\/radiostudiow.com.br\/site\/wp-json\/wp\/v2\/users\/2"}],"replies":[{"embeddable":true,"href":"https:\/\/radiostudiow.com.br\/site\/wp-json\/wp\/v2\/comments?post=15547"}],"version-history":[{"count":3,"href":"https:\/\/radiostudiow.com.br\/site\/wp-json\/wp\/v2\/posts\/15547\/revisions"}],"predecessor-version":[{"id":33549,"href":"https:\/\/radiostudiow.com.br\/site\/wp-json\/wp\/v2\/posts\/15547\/revisions\/33549"}],"wp:featuredmedia":[{"embeddable":true,"href":"https:\/\/radiostudiow.com.br\/site\/wp-json\/wp\/v2\/media\/15549"}],"wp:attachment":[{"href":"https:\/\/radiostudiow.com.br\/site\/wp-json\/wp\/v2\/media?parent=15547"}],"wp:term":[{"taxonomy":"category","embeddable":true,"href":"https:\/\/radiostudiow.com.br\/site\/wp-json\/wp\/v2\/categories?post=15547"},{"taxonomy":"post_tag","embeddable":true,"href":"https:\/\/radiostudiow.com.br\/site\/wp-json\/wp\/v2\/tags?post=15547"}],"curies":[{"name":"wp","href":"https:\/\/api.w.org\/{rel}","templated":true}]}}