{"id":15560,"date":"2023-10-03T20:11:01","date_gmt":"2023-10-03T23:11:01","guid":{"rendered":"https:\/\/radiostudiow.com.br\/site\/?p=15560"},"modified":"2025-01-31T15:06:27","modified_gmt":"2025-01-31T18:06:27","slug":"jovem-sofre-fratura-exposta-apos-acidente-com-empilhadeira-em-sao-mateus-do-sul","status":"publish","type":"post","link":"https:\/\/radiostudiow.com.br\/site\/2023\/10\/03\/jovem-sofre-fratura-exposta-apos-acidente-com-empilhadeira-em-sao-mateus-do-sul\/","title":{"rendered":"JOVEM SOFRE FRATURA EXPOSTA AP\u00d3S ACIDENTE COM EMPILHADEIRA EM S\u00c3O MATEUS DO SUL"},"content":{"rendered":"\n<p>O Corpo de Bombeiros prestou atendimento a um acidente com m\u00e1quina na regi\u00e3o de Fluvi\u00f3polis, distrito de S\u00e3o Mateus do Sul por volta das 08:05 horas desta ter\u00e7a-feira (3). <\/p>\n\n\n\n<figure class=\"wp-block-image size-large\"><img decoding=\"async\" src=\"https:\/\/radiostudiow.com.br\/site\/wp-content\/uploads\/2023\/07\/image-34-1024x387.png\" alt=\"\" class=\"wp-image-13860\"\/><\/figure>\n\n\n\n<p>De acordo com informa\u00e7\u00f5es dos socorristas, um jovem de 17 anos<strong>&nbsp;foi atropelado por uma empilhadeira, causando uma fratura exposta em sua perna.<\/strong><\/p>\n\n\n\n<p>Ele foi socorrido pelos Bombeiros e encaminhado ao Pronto Atendimento Municipal para cuidados m\u00e9dicos.<\/p>\n","protected":false},"excerpt":{"rendered":"<p>O Corpo de Bombeiros prestou atendimento a um acidente com m\u00e1quina na regi\u00e3o de Fluvi\u00f3polis, distrito de S\u00e3o Mateus do Sul por volta das 08:05 horas desta ter\u00e7a-feira (3). De acordo com informa\u00e7\u00f5es dos socorristas, um jovem de 17 anos&nbsp;foi atropelado por uma empilhadeira, causando uma fratura exposta em sua perna. Ele foi socorrido pelos [&hellip;]<\/p>\n","protected":false},"author":2,"featured_media":15561,"comment_status":"open","ping_status":"open","sticky":false,"template":"","format":"standard","meta":{"footnotes":""},"categories":[185],"tags":[172],"class_list":["post-15560","post","type-post","status-publish","format-standard","has-post-thumbnail","hentry","category-regional","tag-featured"],"amp_enabled":true,"_links":{"self":[{"href":"https:\/\/radiostudiow.com.br\/site\/wp-json\/wp\/v2\/posts\/15560","targetHints":{"allow":["GET"]}}],"collection":[{"href":"https:\/\/radiostudiow.com.br\/site\/wp-json\/wp\/v2\/posts"}],"about":[{"href":"https:\/\/radiostudiow.com.br\/site\/wp-json\/wp\/v2\/types\/post"}],"author":[{"embeddable":true,"href":"https:\/\/radiostudiow.com.br\/site\/wp-json\/wp\/v2\/users\/2"}],"replies":[{"embeddable":true,"href":"https:\/\/radiostudiow.com.br\/site\/wp-json\/wp\/v2\/comments?post=15560"}],"version-history":[{"count":1,"href":"https:\/\/radiostudiow.com.br\/site\/wp-json\/wp\/v2\/posts\/15560\/revisions"}],"predecessor-version":[{"id":15562,"href":"https:\/\/radiostudiow.com.br\/site\/wp-json\/wp\/v2\/posts\/15560\/revisions\/15562"}],"wp:featuredmedia":[{"embeddable":true,"href":"https:\/\/radiostudiow.com.br\/site\/wp-json\/wp\/v2\/media\/15561"}],"wp:attachment":[{"href":"https:\/\/radiostudiow.com.br\/site\/wp-json\/wp\/v2\/media?parent=15560"}],"wp:term":[{"taxonomy":"category","embeddable":true,"href":"https:\/\/radiostudiow.com.br\/site\/wp-json\/wp\/v2\/categories?post=15560"},{"taxonomy":"post_tag","embeddable":true,"href":"https:\/\/radiostudiow.com.br\/site\/wp-json\/wp\/v2\/tags?post=15560"}],"curies":[{"name":"wp","href":"https:\/\/api.w.org\/{rel}","templated":true}]}}