{"id":15569,"date":"2023-10-04T10:03:18","date_gmt":"2023-10-04T13:03:18","guid":{"rendered":"https:\/\/radiostudiow.com.br\/site\/?p=15569"},"modified":"2025-01-31T15:06:27","modified_gmt":"2025-01-31T18:06:27","slug":"chuva-causa-estragos-apos-chuva-de-granizo-em-paulo-frontin","status":"publish","type":"post","link":"https:\/\/radiostudiow.com.br\/site\/2023\/10\/04\/chuva-causa-estragos-apos-chuva-de-granizo-em-paulo-frontin\/","title":{"rendered":"CHUVA DE GRANIZO CAUSA ESTRAGOS EM PAULO FRONTIN"},"content":{"rendered":"\n<figure class=\"wp-block-image size-full\"><img decoding=\"async\" src=\"https:\/\/radiostudiow.com.br\/site\/wp-content\/uploads\/2023\/08\/image-125.png\" alt=\"\" class=\"wp-image-14658\"\/><\/figure>\n\n\n\n<p>Um m\u00eas ap\u00f3s passar por um susto por conta de um forte temporal que causou a destrui\u00e7\u00e3o de uma estufa e pinheiros, a confeiteira Solange Fariniuk, moradora da Col\u00f4nia Vicinal 4, em Paulo Frontin, divulgou em suas redes sociais, imagens que mostram os estragos causados pela&nbsp;forte chuva que atingiu a regi\u00e3o, na madrugada desta quarta-feira (4).<\/p>\n\n\n\n<p><em>\u201cH\u00e1 exatamente um m\u00eas atr\u00e1s, passou um ciclone, e hoje novamente uma forte chuva, por\u00e9m com granizo, muito granizo. Mais de 10 minutos de pedra caindo sem parar, por volta de 4h de hoje, no interior de Paulo Frontin\u201d, disse.<\/em><\/p>\n\n\n\n<figure class=\"wp-block-image size-full\"><img loading=\"lazy\" decoding=\"async\" width=\"765\" height=\"1024\" src=\"https:\/\/radiostudiow.com.br\/site\/wp-content\/uploads\/2023\/10\/image-13.png\" alt=\"\" class=\"wp-image-15571\" srcset=\"https:\/\/radiostudiow.com.br\/site\/wp-content\/uploads\/2023\/10\/image-13.png 765w, https:\/\/radiostudiow.com.br\/site\/wp-content\/uploads\/2023\/10\/image-13-224x300.png 224w\" sizes=\"auto, (max-width: 765px) 100vw, 765px\" \/><\/figure>\n\n\n\n<p><\/p>\n","protected":false},"excerpt":{"rendered":"<p>Um m\u00eas ap\u00f3s passar por um susto por conta de um forte temporal que causou a destrui\u00e7\u00e3o de uma estufa e pinheiros, a confeiteira Solange Fariniuk, moradora da Col\u00f4nia Vicinal 4, em Paulo Frontin, divulgou em suas redes sociais, imagens que mostram os estragos causados pela&nbsp;forte chuva que atingiu a regi\u00e3o, na madrugada desta quarta-feira [&hellip;]<\/p>\n","protected":false},"author":2,"featured_media":15570,"comment_status":"open","ping_status":"open","sticky":false,"template":"","format":"standard","meta":{"footnotes":""},"categories":[185],"tags":[172],"class_list":["post-15569","post","type-post","status-publish","format-standard","has-post-thumbnail","hentry","category-regional","tag-featured"],"amp_enabled":true,"_links":{"self":[{"href":"https:\/\/radiostudiow.com.br\/site\/wp-json\/wp\/v2\/posts\/15569","targetHints":{"allow":["GET"]}}],"collection":[{"href":"https:\/\/radiostudiow.com.br\/site\/wp-json\/wp\/v2\/posts"}],"about":[{"href":"https:\/\/radiostudiow.com.br\/site\/wp-json\/wp\/v2\/types\/post"}],"author":[{"embeddable":true,"href":"https:\/\/radiostudiow.com.br\/site\/wp-json\/wp\/v2\/users\/2"}],"replies":[{"embeddable":true,"href":"https:\/\/radiostudiow.com.br\/site\/wp-json\/wp\/v2\/comments?post=15569"}],"version-history":[{"count":2,"href":"https:\/\/radiostudiow.com.br\/site\/wp-json\/wp\/v2\/posts\/15569\/revisions"}],"predecessor-version":[{"id":15574,"href":"https:\/\/radiostudiow.com.br\/site\/wp-json\/wp\/v2\/posts\/15569\/revisions\/15574"}],"wp:featuredmedia":[{"embeddable":true,"href":"https:\/\/radiostudiow.com.br\/site\/wp-json\/wp\/v2\/media\/15570"}],"wp:attachment":[{"href":"https:\/\/radiostudiow.com.br\/site\/wp-json\/wp\/v2\/media?parent=15569"}],"wp:term":[{"taxonomy":"category","embeddable":true,"href":"https:\/\/radiostudiow.com.br\/site\/wp-json\/wp\/v2\/categories?post=15569"},{"taxonomy":"post_tag","embeddable":true,"href":"https:\/\/radiostudiow.com.br\/site\/wp-json\/wp\/v2\/tags?post=15569"}],"curies":[{"name":"wp","href":"https:\/\/api.w.org\/{rel}","templated":true}]}}