{"id":15589,"date":"2023-10-04T11:16:50","date_gmt":"2023-10-04T14:16:50","guid":{"rendered":"https:\/\/radiostudiow.com.br\/site\/?p=15589"},"modified":"2025-01-31T15:06:27","modified_gmt":"2025-01-31T18:06:27","slug":"sicredi-atua-em-projeto-que-conecta-criancas-do-brasil-e-da-polonia","status":"publish","type":"post","link":"https:\/\/radiostudiow.com.br\/site\/2023\/10\/04\/sicredi-atua-em-projeto-que-conecta-criancas-do-brasil-e-da-polonia\/","title":{"rendered":"SICREDI ATUA EM PROJETO QUE CONECTA CRIAN\u00c7AS DO BRASIL E DA POL\u00d4NIA"},"content":{"rendered":"\n<p><em>Por meio da metodologia do Programa A Uni\u00e3o Faz a Vida, principal iniciativa de responsabilidade social do Sicredi, alunos de Mallet, no interior do Paran\u00e1, decidiram ir al\u00e9m dos muros da escola<\/em>.<\/p>\n\n\n\n<p>Uma comitiva do Sicredi viajou para a Pol\u00f4nia, onde visitou uma escola localizada em Lublin, que, devido \u00e0 sua proximidade com a Ucr\u00e2nia, cerca de 150 quil\u00f4metros de dist\u00e2ncia, tornou-se um ref\u00fagio para muitas crian\u00e7as durante a guerra. Na visita, os estudantes receberam um presente emocionante: <strong>104 cartas escritas por crian\u00e7as brasileiras descendentes de poloneses e que vivem em Mallet, munic\u00edpio paranaense conhecido pela forte influ\u00eancia da coloniza\u00e7\u00e3o polonesa.<\/strong><\/p>\n\n\n\n<figure class=\"wp-block-image size-full\"><img loading=\"lazy\" decoding=\"async\" width=\"768\" height=\"175\" src=\"https:\/\/radiostudiow.com.br\/site\/wp-content\/uploads\/2023\/03\/image-22.png\" alt=\"\" class=\"wp-image-12046\" srcset=\"https:\/\/radiostudiow.com.br\/site\/wp-content\/uploads\/2023\/03\/image-22.png 768w, https:\/\/radiostudiow.com.br\/site\/wp-content\/uploads\/2023\/03\/image-22-300x68.png 300w\" sizes=\"auto, (max-width: 768px) 100vw, 768px\" \/><\/figure>\n\n\n\n<p>O presente foi fruto do \u201c<strong>Projeto Mem\u00f3rias\u201d<\/strong>, que fortaleceu as tradi\u00e7\u00f5es polonesas existentes em Mallet (PR). A atividade foi desenvolvida na Escola Municipal Nossa Senhora De Monte Claro, onde o Programa A Uni\u00e3o Faz a Vida (PUFV), principal iniciativa de responsabilidade social do Sicredi, tem promovido uma forma inovadora e colaborativa de ensinar e aprender.<\/p>\n\n\n\n<p>Na escola parceira do PUFV, a viv\u00eancia da metodologia coloca o aluno como protagonista no processo de aprendizagem, por meio das \u201cexpedi\u00e7\u00f5es investigativas\u201d, que funcionam como o ponto de partida para a defini\u00e7\u00e3o dos temas dos projetos. Os educadores formulam quest\u00f5es que orientam a visita ao territ\u00f3rio da investiga\u00e7\u00e3o, e os estudantes se deslocam para a comunidade com o prop\u00f3sito de observar, experimentar e descobrir o ambiente \u00e0 sua volta. Ap\u00f3s a expedi\u00e7\u00e3o, os alunos definem democraticamente o projeto que desejam realizar, escolhendo o tema sobre o qual querem aprofundar seus conhecimentos.<\/p>\n\n\n\n<figure class=\"wp-block-image size-full\"><img decoding=\"async\" src=\"https:\/\/radiostudiow.com.br\/site\/wp-content\/uploads\/2023\/08\/image-127.png\" alt=\"\" class=\"wp-image-14660\"\/><\/figure>\n\n\n\n<p><em>\u201cPor meio da metodologia do PUFV, os alunos de Mallet ousaram ir al\u00e9m dos muros da escola e, com o Projeto Mem\u00f3rias, buscaram criar uma verdadeira conex\u00e3o com as crian\u00e7as que vivem na Pol\u00f4nia, uma cultura t\u00e3o presente aos descendentes brasileiros\u201d, destacou o presidente da Sicredi Centro Sul PR\/SC\/RJ, Santo Cappellari. <\/em>A cooperativa desenvolve o PUFV em Mallet e em outros\u00a013 munic\u00edpios da \u00e1rea de atua\u00e7\u00e3o.<\/p>\n\n\n\n<p>Em Lublin, al\u00e9m das cartinhas, Cappellari tamb\u00e9m entregou a abelha, mascote do PUFV, ao diretor da escola, refor\u00e7ando o elo entre os dois pa\u00edses com o prop\u00f3sito de promover uma educa\u00e7\u00e3o mais cooperativa. <em>\u201cNa \u00e1rea de atua\u00e7\u00e3o da nossa cooperativa no Brasil, h\u00e1 uma forte presen\u00e7a de imigrantes que, com a for\u00e7a do trabalho e dedica\u00e7\u00e3o, ajudam a promover o desenvolvimento regional. Por isso, \u00e9 muito importante para n\u00f3s fortalecer essa conex\u00e3o por meio de algo essencial, que \u00e9 a educa\u00e7\u00e3o com foco na coopera\u00e7\u00e3o\u201d, afirmou o presidente.<\/em><\/p>\n\n\n\n<figure class=\"wp-block-image size-large\"><img loading=\"lazy\" decoding=\"async\" width=\"1024\" height=\"768\" src=\"https:\/\/radiostudiow.com.br\/site\/wp-content\/uploads\/2023\/10\/Sicredi-Projeto-Memorias-Polonia-1024x768.jpg\" alt=\"\" class=\"wp-image-15591\" srcset=\"https:\/\/radiostudiow.com.br\/site\/wp-content\/uploads\/2023\/10\/Sicredi-Projeto-Memorias-Polonia-1024x768.jpg 1024w, https:\/\/radiostudiow.com.br\/site\/wp-content\/uploads\/2023\/10\/Sicredi-Projeto-Memorias-Polonia-300x225.jpg 300w, https:\/\/radiostudiow.com.br\/site\/wp-content\/uploads\/2023\/10\/Sicredi-Projeto-Memorias-Polonia-768x576.jpg 768w, https:\/\/radiostudiow.com.br\/site\/wp-content\/uploads\/2023\/10\/Sicredi-Projeto-Memorias-Polonia-1536x1152.jpg 1536w, https:\/\/radiostudiow.com.br\/site\/wp-content\/uploads\/2023\/10\/Sicredi-Projeto-Memorias-Polonia-2048x1536.jpg 2048w\" sizes=\"auto, (max-width: 1024px) 100vw, 1024px\" \/><\/figure>\n\n\n\n<h2 class=\"wp-block-heading\"><strong>Brasil e Pol\u00f4nia: hist\u00f3ria de conex\u00e3o e coopera\u00e7\u00e3o<\/strong><\/h2>\n\n\n\n<p>Em abril, representantes da cooperativa polonesa SKOK im. Z. Chmielewskiego Credit Union estiveram no Brasil para conhecer um pouco mais sobre a atua\u00e7\u00e3o e as iniciativas desenvolvidas pelo Sicredi na promo\u00e7\u00e3o de uma sociedade mais pr\u00f3spera. A delega\u00e7\u00e3o participou do Super Summit Sicredi, em Foz do Igua\u00e7u (PR), e visitou a sede regional da Sicredi Centro Sul PR\/SC\/RJ, em Prudent\u00f3polis (PR), al\u00e9m de conhecer Mallet.<\/p>\n\n\n\n<p>Com a visita da comitiva brasileira \u00e0 Pol\u00f4nia, a Sicredi Centro Sul PR\/SC\/RJ e a SKOK im. Z. Chmielewskiego Credit Union tamb\u00e9m assinaram um protocolo de inten\u00e7\u00f5es. Com a parceria, assinada em Lublin, na Pol\u00f4nia, as institui\u00e7\u00f5es financeiras cooperativas passam a compartilhar experi\u00eancias e boas pr\u00e1ticas em programas educacionais e de responsabilidade social, como o PUFV.<\/p>\n\n\n\n<p><em>\u201cAo longo dos anos, o Sicredi tem desenvolvido, por meio de suas cooperativas, in\u00fameras a\u00e7\u00f5es baseadas em prop\u00f3sitos como solidariedade e ajuda m\u00fatua. Essas iniciativas s\u00e3o capazes de gerar valor aos associados, ao meio ambiente e \u00e0 sociedade, e t\u00eam inspirado entidades de todo o mundo. Acreditamos que a troca de experi\u00eancias e conhecimento entre institui\u00e7\u00f5es financeiras cooperativas \u00e9 fundamental para que o modelo de neg\u00f3cio se fortale\u00e7a nos pequenos e grandes munic\u00edpios brasileiros e em todo o mundo. Assim, juntos, seguimos construindo uma sociedade mais pr\u00f3spera\u201d, finalizou o presidente da Central Sicredi PR\/SP\/RJ, Manfred Dasenbrock, que tamb\u00e9m integrou a comitiva.<\/em><\/p>\n\n\n\n<figure class=\"wp-block-image size-full\"><img decoding=\"async\" src=\"https:\/\/radiostudiow.com.br\/site\/wp-content\/uploads\/2023\/02\/image-23.png\" alt=\"\" class=\"wp-image-11407\"\/><\/figure>\n\n\n\n<p><em><strong>Sobre o Sicredi<\/strong><\/em><em>&nbsp;&nbsp;<\/em><\/p>\n\n\n\n<p><em>O Sicredi \u00e9 uma institui\u00e7\u00e3o financeira cooperativa comprometida com o crescimento de seus associados e com o desenvolvimento das regi\u00f5es onde atua. Possui um modelo de gest\u00e3o que valoriza a participa\u00e7\u00e3o dos mais de 7 milh\u00f5es de associados, que exercem o papel de donos do neg\u00f3cio. Com mais de 2.500 ag\u00eancias, o Sicredi est\u00e1 presente fisicamente em todos os estados brasileiros e no Distrito Federal, disponibilizando uma gama completa de solu\u00e7\u00f5es financeiras e n\u00e3o financeiras.&nbsp;<\/em><\/p>\n\n\n\n<p><em>Site do Sicredi:<\/em><a href=\"http:\/\/www.sicredi.com.br\/site\" target=\"_blank\" rel=\"noreferrer noopener\"><em>&nbsp;Clique aqui<\/em><\/a><em>&nbsp;&nbsp;<\/em><\/p>\n","protected":false},"excerpt":{"rendered":"<p>Por meio da metodologia do Programa A Uni\u00e3o Faz a Vida, principal iniciativa de responsabilidade social do Sicredi, alunos de Mallet, no interior do Paran\u00e1, decidiram ir al\u00e9m dos muros da escola. Uma comitiva do Sicredi viajou para a Pol\u00f4nia, onde visitou uma escola localizada em Lublin, que, devido \u00e0 sua proximidade com a Ucr\u00e2nia, [&hellip;]<\/p>\n","protected":false},"author":2,"featured_media":15590,"comment_status":"open","ping_status":"open","sticky":false,"template":"","format":"standard","meta":{"footnotes":""},"categories":[184],"tags":[172],"class_list":["post-15589","post","type-post","status-publish","format-standard","has-post-thumbnail","hentry","category-local","tag-featured"],"amp_enabled":true,"_links":{"self":[{"href":"https:\/\/radiostudiow.com.br\/site\/wp-json\/wp\/v2\/posts\/15589","targetHints":{"allow":["GET"]}}],"collection":[{"href":"https:\/\/radiostudiow.com.br\/site\/wp-json\/wp\/v2\/posts"}],"about":[{"href":"https:\/\/radiostudiow.com.br\/site\/wp-json\/wp\/v2\/types\/post"}],"author":[{"embeddable":true,"href":"https:\/\/radiostudiow.com.br\/site\/wp-json\/wp\/v2\/users\/2"}],"replies":[{"embeddable":true,"href":"https:\/\/radiostudiow.com.br\/site\/wp-json\/wp\/v2\/comments?post=15589"}],"version-history":[{"count":1,"href":"https:\/\/radiostudiow.com.br\/site\/wp-json\/wp\/v2\/posts\/15589\/revisions"}],"predecessor-version":[{"id":15592,"href":"https:\/\/radiostudiow.com.br\/site\/wp-json\/wp\/v2\/posts\/15589\/revisions\/15592"}],"wp:featuredmedia":[{"embeddable":true,"href":"https:\/\/radiostudiow.com.br\/site\/wp-json\/wp\/v2\/media\/15590"}],"wp:attachment":[{"href":"https:\/\/radiostudiow.com.br\/site\/wp-json\/wp\/v2\/media?parent=15589"}],"wp:term":[{"taxonomy":"category","embeddable":true,"href":"https:\/\/radiostudiow.com.br\/site\/wp-json\/wp\/v2\/categories?post=15589"},{"taxonomy":"post_tag","embeddable":true,"href":"https:\/\/radiostudiow.com.br\/site\/wp-json\/wp\/v2\/tags?post=15589"}],"curies":[{"name":"wp","href":"https:\/\/api.w.org\/{rel}","templated":true}]}}