{"id":15598,"date":"2023-10-05T10:03:37","date_gmt":"2023-10-05T13:03:37","guid":{"rendered":"https:\/\/radiostudiow.com.br\/site\/?p=15598"},"modified":"2025-01-31T15:06:27","modified_gmt":"2025-01-31T18:06:27","slug":"defesa-civil-de-porto-vitoria-esta-com-novo-telefone-de-emergencia","status":"publish","type":"post","link":"https:\/\/radiostudiow.com.br\/site\/2023\/10\/05\/defesa-civil-de-porto-vitoria-esta-com-novo-telefone-de-emergencia\/","title":{"rendered":"DEFESA CIVIL DE PORTO VIT\u00d3RIA EST\u00c1 COM NOVO TELEFONE DE EMERG\u00caNCIA"},"content":{"rendered":"\n<p><strong>A Prefeitura de Porto Vit\u00f3ria disponibilizou um novo telefone para a Defesa Civil do munic\u00edpio. O contato \u00e9 (42) 99826-9784 e est\u00e1 dispon\u00edvel 24 horas para atender emerg\u00eancias que venha a ocorrer no munic\u00edpio.<\/strong><\/p>\n\n\n\n<figure class=\"wp-block-image size-full\"><img decoding=\"async\" src=\"https:\/\/radiostudiow.com.br\/site\/wp-content\/uploads\/2023\/08\/image-125.png\" alt=\"\" class=\"wp-image-14658\"\/><\/figure>\n\n\n\n<p>A Defesa Civil atua adotando medidas preventivas, de socorro, assistenciais e recuperativas, sempre que o cidad\u00e3o estiver em uma situa\u00e7\u00e3o de desastres naturais, enchentes, alagamentos, desmoronamentos, escorregamentos de terras, vazamentos de produtos qu\u00edmicos e combust\u00edveis, sinistros ou expostos a situa\u00e7\u00f5es de risco que exijam a atua\u00e7\u00e3o de profissionais.<\/p>\n\n\n\n<p>A prefeita de Porto Vit\u00f3ria, Marisa Ilkiu de Souza destacou a import\u00e2ncia do servi\u00e7o para o munic\u00edpio. <em>\u201cA Defesa Civil est\u00e1 dispon\u00edvel para atender nossa popula\u00e7\u00e3o no momento que elas mais precisarem e esse n\u00famero de telefone vai facilitar esse contato, permitindo que o trabalho aconte\u00e7a com mais agilidade\u201d.<\/em><\/p>\n","protected":false},"excerpt":{"rendered":"<p>A Prefeitura de Porto Vit\u00f3ria disponibilizou um novo telefone para a Defesa Civil do munic\u00edpio. O contato \u00e9 (42) 99826-9784 e est\u00e1 dispon\u00edvel 24 horas para atender emerg\u00eancias que venha a ocorrer no munic\u00edpio. A Defesa Civil atua adotando medidas preventivas, de socorro, assistenciais e recuperativas, sempre que o cidad\u00e3o estiver em uma situa\u00e7\u00e3o de [&hellip;]<\/p>\n","protected":false},"author":2,"featured_media":15599,"comment_status":"open","ping_status":"open","sticky":false,"template":"","format":"standard","meta":{"footnotes":""},"categories":[185],"tags":[172],"class_list":["post-15598","post","type-post","status-publish","format-standard","has-post-thumbnail","hentry","category-regional","tag-featured"],"amp_enabled":true,"_links":{"self":[{"href":"https:\/\/radiostudiow.com.br\/site\/wp-json\/wp\/v2\/posts\/15598","targetHints":{"allow":["GET"]}}],"collection":[{"href":"https:\/\/radiostudiow.com.br\/site\/wp-json\/wp\/v2\/posts"}],"about":[{"href":"https:\/\/radiostudiow.com.br\/site\/wp-json\/wp\/v2\/types\/post"}],"author":[{"embeddable":true,"href":"https:\/\/radiostudiow.com.br\/site\/wp-json\/wp\/v2\/users\/2"}],"replies":[{"embeddable":true,"href":"https:\/\/radiostudiow.com.br\/site\/wp-json\/wp\/v2\/comments?post=15598"}],"version-history":[{"count":2,"href":"https:\/\/radiostudiow.com.br\/site\/wp-json\/wp\/v2\/posts\/15598\/revisions"}],"predecessor-version":[{"id":15615,"href":"https:\/\/radiostudiow.com.br\/site\/wp-json\/wp\/v2\/posts\/15598\/revisions\/15615"}],"wp:featuredmedia":[{"embeddable":true,"href":"https:\/\/radiostudiow.com.br\/site\/wp-json\/wp\/v2\/media\/15599"}],"wp:attachment":[{"href":"https:\/\/radiostudiow.com.br\/site\/wp-json\/wp\/v2\/media?parent=15598"}],"wp:term":[{"taxonomy":"category","embeddable":true,"href":"https:\/\/radiostudiow.com.br\/site\/wp-json\/wp\/v2\/categories?post=15598"},{"taxonomy":"post_tag","embeddable":true,"href":"https:\/\/radiostudiow.com.br\/site\/wp-json\/wp\/v2\/tags?post=15598"}],"curies":[{"name":"wp","href":"https:\/\/api.w.org\/{rel}","templated":true}]}}