{"id":15635,"date":"2023-10-05T19:39:18","date_gmt":"2023-10-05T22:39:18","guid":{"rendered":"https:\/\/radiostudiow.com.br\/site\/?p=15635"},"modified":"2025-01-31T15:06:27","modified_gmt":"2025-01-31T18:06:27","slug":"final-de-semana-promete-muita-chuva-em-mallet-paulo-frontin-e-rio-azul","status":"publish","type":"post","link":"https:\/\/radiostudiow.com.br\/site\/2023\/10\/05\/final-de-semana-promete-muita-chuva-em-mallet-paulo-frontin-e-rio-azul\/","title":{"rendered":"FINAL DE SEMANA PROMETE MUITA CHUVA EM MALLET, PAULO FRONTIN E RIO AZUL"},"content":{"rendered":"\n<p>Chuva est\u00e1 causando grande estrago pela regi\u00e3o, al\u00e9m de despertar alerta do <a href=\"http:\/\/www.simepar.br\/\" data-type=\"link\" data-id=\"http:\/\/www.simepar.br\/\">Simepar<\/a> para as regi\u00f5es de Mallet, Paulo Frontin, Rio Azul, Rebou\u00e7as e S\u00e3o Mateus do Sul pelo ventos fortes e aumento do n\u00edvel elevado dos rios.<\/p>\n\n\n\n<h2 class=\"wp-block-heading\">Confira abaixo a previs\u00e3o do tempo para esse final de semana para Mallet, Paulo Frontin e Rio Azul:<\/h2>\n\n\n\n<figure class=\"wp-block-image size-full\"><img loading=\"lazy\" decoding=\"async\" width=\"720\" height=\"718\" src=\"https:\/\/radiostudiow.com.br\/site\/wp-content\/uploads\/2023\/10\/PREVISAO-FEED.png\" alt=\"\" class=\"wp-image-15636\" srcset=\"https:\/\/radiostudiow.com.br\/site\/wp-content\/uploads\/2023\/10\/PREVISAO-FEED.png 720w, https:\/\/radiostudiow.com.br\/site\/wp-content\/uploads\/2023\/10\/PREVISAO-FEED-300x300.png 300w, https:\/\/radiostudiow.com.br\/site\/wp-content\/uploads\/2023\/10\/PREVISAO-FEED-80x80.png 80w\" sizes=\"auto, (max-width: 720px) 100vw, 720px\" \/><\/figure>\n\n\n\n<h2 class=\"wp-block-heading\">ALERTA PARA MALLET DE VENTOS FORTES!<\/h2>\n\n\n\n<p><strong>SEXTA-FEIRA, 06 DE OUTUBRO DE 2023<\/strong><\/p>\n\n\n\n<p><strong>UR<\/strong>\u00a0Umidade Relativa:\u00a060% &#8211; 98%<strong> | <\/strong>Precipita\u00e7\u00e3o Acumulada:\u00a021.0 mm<\/p>\n\n\n\n<p>\u00a0Probabilidade de Ocorr\u00eancia de Chuva:\u00a095%<strong> | <\/strong>Vento:\u00a0NO 10 km\/h<\/p>\n\n\n\n<p>\u00a0Rajada:\u00a058 km\/h<strong> | <\/strong>Visibilidade:\u00a0&#8212;<\/p>\n\n\n\n<p><\/p>\n\n\n\n<p><strong>S\u00e1b, 07 de Out de 2023<\/strong><\/p>\n\n\n\n<p><strong>UR<\/strong>\u00a0Umidade Relativa:\u00a070% &#8211; 99%<strong> | <\/strong>Precipita\u00e7\u00e3o Acumulada:\u00a018.8 mm<\/p>\n\n\n\n<p>Probabilidade de Ocorr\u00eancia de Chuva:\u00a095%<strong> | <\/strong>Vento:\u00a0NO 13 km\/h<\/p>\n\n\n\n<p>Rajada:\u00a061 km\/h<strong> | <\/strong>Visibilidade:\u00a0&#8212;<\/p>\n\n\n\n<p><\/p>\n\n\n\n<p><strong>DOMINGO, 08 DE OUTUBRO DE 2023!<\/strong><\/p>\n\n\n\n<p><strong>UR<\/strong>\u00a0Umidade Relativa:\u00a097% &#8211; 99%<strong> | <\/strong>Precipita\u00e7\u00e3o Acumulada:\u00a086.2 mm<\/p>\n\n\n\n<p>\u00a0Probabilidade de Ocorr\u00eancia de Chuva:\u00a095%<strong> | <\/strong>Vento:\u00a0L 10 km\/h<\/p>\n\n\n\n<p>\u00a0Rajada:\u00a046 km\/h<strong> | <\/strong>Visibilidade:\u00a0&#8212;<\/p>\n\n\n\n<figure class=\"wp-block-image size-full\"><img loading=\"lazy\" decoding=\"async\" width=\"680\" height=\"680\" src=\"https:\/\/radiostudiow.com.br\/site\/wp-content\/uploads\/2023\/10\/image-22.png\" alt=\"\" class=\"wp-image-15639\" srcset=\"https:\/\/radiostudiow.com.br\/site\/wp-content\/uploads\/2023\/10\/image-22.png 680w, https:\/\/radiostudiow.com.br\/site\/wp-content\/uploads\/2023\/10\/image-22-300x300.png 300w, https:\/\/radiostudiow.com.br\/site\/wp-content\/uploads\/2023\/10\/image-22-80x80.png 80w\" sizes=\"auto, (max-width: 680px) 100vw, 680px\" \/><\/figure>\n","protected":false},"excerpt":{"rendered":"<p>Chuva est\u00e1 causando grande estrago pela regi\u00e3o, al\u00e9m de despertar alerta do Simepar para as regi\u00f5es de Mallet, Paulo Frontin, Rio Azul, Rebou\u00e7as e S\u00e3o Mateus do Sul pelo ventos fortes e aumento do n\u00edvel elevado dos rios. Confira abaixo a previs\u00e3o do tempo para esse final de semana para Mallet, Paulo Frontin e Rio [&hellip;]<\/p>\n","protected":false},"author":2,"featured_media":0,"comment_status":"open","ping_status":"open","sticky":false,"template":"","format":"standard","meta":{"footnotes":""},"categories":[7],"tags":[172],"class_list":["post-15635","post","type-post","status-publish","format-standard","hentry","category-geral","tag-featured"],"amp_enabled":true,"_links":{"self":[{"href":"https:\/\/radiostudiow.com.br\/site\/wp-json\/wp\/v2\/posts\/15635","targetHints":{"allow":["GET"]}}],"collection":[{"href":"https:\/\/radiostudiow.com.br\/site\/wp-json\/wp\/v2\/posts"}],"about":[{"href":"https:\/\/radiostudiow.com.br\/site\/wp-json\/wp\/v2\/types\/post"}],"author":[{"embeddable":true,"href":"https:\/\/radiostudiow.com.br\/site\/wp-json\/wp\/v2\/users\/2"}],"replies":[{"embeddable":true,"href":"https:\/\/radiostudiow.com.br\/site\/wp-json\/wp\/v2\/comments?post=15635"}],"version-history":[{"count":2,"href":"https:\/\/radiostudiow.com.br\/site\/wp-json\/wp\/v2\/posts\/15635\/revisions"}],"predecessor-version":[{"id":15640,"href":"https:\/\/radiostudiow.com.br\/site\/wp-json\/wp\/v2\/posts\/15635\/revisions\/15640"}],"wp:attachment":[{"href":"https:\/\/radiostudiow.com.br\/site\/wp-json\/wp\/v2\/media?parent=15635"}],"wp:term":[{"taxonomy":"category","embeddable":true,"href":"https:\/\/radiostudiow.com.br\/site\/wp-json\/wp\/v2\/categories?post=15635"},{"taxonomy":"post_tag","embeddable":true,"href":"https:\/\/radiostudiow.com.br\/site\/wp-json\/wp\/v2\/tags?post=15635"}],"curies":[{"name":"wp","href":"https:\/\/api.w.org\/{rel}","templated":true}]}}