{"id":15641,"date":"2023-10-05T19:45:19","date_gmt":"2023-10-05T22:45:19","guid":{"rendered":"https:\/\/radiostudiow.com.br\/site\/?p=15641"},"modified":"2025-01-31T15:06:27","modified_gmt":"2025-01-31T18:06:27","slug":"carreta-sai-de-pista-na-br-476-em-paulo-frontin","status":"publish","type":"post","link":"https:\/\/radiostudiow.com.br\/site\/2023\/10\/05\/carreta-sai-de-pista-na-br-476-em-paulo-frontin\/","title":{"rendered":"CARRETA SAI DE PISTA BR-476 EM PAULO FRONTIN"},"content":{"rendered":"\n<p>A equipe da Pol\u00edcia Rodovi\u00e1ria Federal (PRF) foi acionada na tarde desta quinta-feira, 05 de outubro, para atender a um acidente do tipo sa\u00edda de pista, na BR-476, na regi\u00e3o do Limoeiro, em Paulo Frontin.<\/p>\n\n\n\n<figure class=\"wp-block-image size-large\"><img decoding=\"async\" src=\"https:\/\/radiostudiow.com.br\/site\/wp-content\/uploads\/2023\/07\/image-34-1024x387.png\" alt=\"\" class=\"wp-image-13860\"\/><\/figure>\n\n\n\n<p>De acordo com as informa\u00e7\u00f5es, a carreta seguia pela rodovia, quando o motorista acabou perdendo o controle da dire\u00e7\u00e3o e saiu para fora da pista.<\/p>\n\n\n\n<p><em>A reportagem do\u00a0<strong>Portal RDX<\/strong>\u00a0apurou que n\u00e3o houve registro de v\u00edtimas e o Corpo de Bombeiros de S\u00e3o Mateus do Sul n\u00e3o chegou a ser acionado.<\/em><\/p>\n\n\n\n<p><strong>O motorista que trafega pela regi\u00e3o deve redobrar a aten\u00e7\u00e3o.<\/strong><\/p>\n\n\n\n<figure class=\"wp-block-image size-full\"><img loading=\"lazy\" decoding=\"async\" width=\"680\" height=\"680\" src=\"https:\/\/radiostudiow.com.br\/site\/wp-content\/uploads\/2023\/10\/image-22.png\" alt=\"\" class=\"wp-image-15639\" srcset=\"https:\/\/radiostudiow.com.br\/site\/wp-content\/uploads\/2023\/10\/image-22.png 680w, https:\/\/radiostudiow.com.br\/site\/wp-content\/uploads\/2023\/10\/image-22-300x300.png 300w, https:\/\/radiostudiow.com.br\/site\/wp-content\/uploads\/2023\/10\/image-22-80x80.png 80w\" sizes=\"auto, (max-width: 680px) 100vw, 680px\" \/><\/figure>\n\n\n\n<figure class=\"wp-block-embed is-type-wp-embed is-provider-studio-w wp-block-embed-studio-w\"><div class=\"wp-block-embed__wrapper\">\n<blockquote class=\"wp-embedded-content\" data-secret=\"wyOc4LYJtw\"><a href=\"https:\/\/radiostudiow.com.br\/site\/2023\/10\/05\/final-de-semana-promete-muita-chuva-em-mallet-paulo-frontin-e-rio-azul\/\">FINAL DE SEMANA PROMETE MUITA CHUVA EM MALLET, PAULO FRONTIN E RIO AZUL<\/a><\/blockquote><iframe loading=\"lazy\" class=\"wp-embedded-content\" sandbox=\"allow-scripts\" security=\"restricted\" style=\"position: absolute; clip: rect(1px, 1px, 1px, 1px);\" title=\"&#8220;FINAL DE SEMANA PROMETE MUITA CHUVA EM MALLET, PAULO FRONTIN E RIO AZUL&#8221; &#8212; Studio W\" src=\"https:\/\/radiostudiow.com.br\/site\/2023\/10\/05\/final-de-semana-promete-muita-chuva-em-mallet-paulo-frontin-e-rio-azul\/embed\/#?secret=TzZG5WcScs#?secret=wyOc4LYJtw\" data-secret=\"wyOc4LYJtw\" width=\"600\" height=\"338\" frameborder=\"0\" marginwidth=\"0\" marginheight=\"0\" scrolling=\"no\"><\/iframe>\n<\/div><\/figure>\n","protected":false},"excerpt":{"rendered":"<p>A equipe da Pol\u00edcia Rodovi\u00e1ria Federal (PRF) foi acionada na tarde desta quinta-feira, 05 de outubro, para atender a um acidente do tipo sa\u00edda de pista, na BR-476, na regi\u00e3o do Limoeiro, em Paulo Frontin. De acordo com as informa\u00e7\u00f5es, a carreta seguia pela rodovia, quando o motorista acabou perdendo o controle da dire\u00e7\u00e3o e [&hellip;]<\/p>\n","protected":false},"author":2,"featured_media":15642,"comment_status":"open","ping_status":"open","sticky":false,"template":"","format":"standard","meta":{"footnotes":""},"categories":[185],"tags":[172],"class_list":["post-15641","post","type-post","status-publish","format-standard","has-post-thumbnail","hentry","category-regional","tag-featured"],"amp_enabled":true,"_links":{"self":[{"href":"https:\/\/radiostudiow.com.br\/site\/wp-json\/wp\/v2\/posts\/15641","targetHints":{"allow":["GET"]}}],"collection":[{"href":"https:\/\/radiostudiow.com.br\/site\/wp-json\/wp\/v2\/posts"}],"about":[{"href":"https:\/\/radiostudiow.com.br\/site\/wp-json\/wp\/v2\/types\/post"}],"author":[{"embeddable":true,"href":"https:\/\/radiostudiow.com.br\/site\/wp-json\/wp\/v2\/users\/2"}],"replies":[{"embeddable":true,"href":"https:\/\/radiostudiow.com.br\/site\/wp-json\/wp\/v2\/comments?post=15641"}],"version-history":[{"count":2,"href":"https:\/\/radiostudiow.com.br\/site\/wp-json\/wp\/v2\/posts\/15641\/revisions"}],"predecessor-version":[{"id":15644,"href":"https:\/\/radiostudiow.com.br\/site\/wp-json\/wp\/v2\/posts\/15641\/revisions\/15644"}],"wp:featuredmedia":[{"embeddable":true,"href":"https:\/\/radiostudiow.com.br\/site\/wp-json\/wp\/v2\/media\/15642"}],"wp:attachment":[{"href":"https:\/\/radiostudiow.com.br\/site\/wp-json\/wp\/v2\/media?parent=15641"}],"wp:term":[{"taxonomy":"category","embeddable":true,"href":"https:\/\/radiostudiow.com.br\/site\/wp-json\/wp\/v2\/categories?post=15641"},{"taxonomy":"post_tag","embeddable":true,"href":"https:\/\/radiostudiow.com.br\/site\/wp-json\/wp\/v2\/tags?post=15641"}],"curies":[{"name":"wp","href":"https:\/\/api.w.org\/{rel}","templated":true}]}}