{"id":15645,"date":"2023-10-05T20:06:07","date_gmt":"2023-10-05T23:06:07","guid":{"rendered":"https:\/\/radiostudiow.com.br\/site\/?p=15645"},"modified":"2025-01-31T15:06:27","modified_gmt":"2025-01-31T18:06:27","slug":"carro-capota-apos-colisao-em-sao-mateus-do-sul","status":"publish","type":"post","link":"https:\/\/radiostudiow.com.br\/site\/2023\/10\/05\/carro-capota-apos-colisao-em-sao-mateus-do-sul\/","title":{"rendered":"CARRO CAPOTA AP\u00d3S COLIS\u00c3O EM S\u00c3O MATEUS DO SUL"},"content":{"rendered":"\n<p>Um ve\u00edculo Triton capotou ap\u00f3s uma colis\u00e3o contra um Focus na Rua Bar\u00e3o do Rio Branco esquina com a Rua Francisco Geraldo Portes, na Vila Prohmann em S\u00e3o Mateus do Sul por volta das 15:30 horas desta quinta-feira (5).<\/p>\n\n\n\n<figure class=\"wp-block-image size-full\"><img decoding=\"async\" src=\"https:\/\/radiostudiow.com.br\/site\/wp-content\/uploads\/2023\/04\/image-12.png\" alt=\"\" class=\"wp-image-12488\"\/><\/figure>\n\n\n\n<p>Bombeiros de S\u00e3o Mateus do Sul prestaram atendimento a ocorr\u00eancia, em que tr\u00eas v\u00edtimas foram levadas ao Pronto Atendimento Municipal com ferimentos leves, sendo o condutor e duas ocupantes, do ve\u00edculo que capotou. A condutora do ve\u00edculo Focus n\u00e3o se feriu e recusou atendimento.<\/p>\n\n\n\n<p><strong>As causas do acidente ser\u00e3o apuradas por \u00f3rg\u00e3os de seguran\u00e7a.<\/strong><\/p>\n\n\n\n<p><em>Mat\u00e9ria Portal RDX<\/em><\/p>\n","protected":false},"excerpt":{"rendered":"<p>Um ve\u00edculo Triton capotou ap\u00f3s uma colis\u00e3o contra um Focus na Rua Bar\u00e3o do Rio Branco esquina com a Rua Francisco Geraldo Portes, na Vila Prohmann em S\u00e3o Mateus do Sul por volta das 15:30 horas desta quinta-feira (5). Bombeiros de S\u00e3o Mateus do Sul prestaram atendimento a ocorr\u00eancia, em que tr\u00eas v\u00edtimas foram levadas [&hellip;]<\/p>\n","protected":false},"author":2,"featured_media":15646,"comment_status":"open","ping_status":"open","sticky":false,"template":"","format":"standard","meta":{"footnotes":""},"categories":[185],"tags":[172],"class_list":["post-15645","post","type-post","status-publish","format-standard","has-post-thumbnail","hentry","category-regional","tag-featured"],"amp_enabled":true,"_links":{"self":[{"href":"https:\/\/radiostudiow.com.br\/site\/wp-json\/wp\/v2\/posts\/15645","targetHints":{"allow":["GET"]}}],"collection":[{"href":"https:\/\/radiostudiow.com.br\/site\/wp-json\/wp\/v2\/posts"}],"about":[{"href":"https:\/\/radiostudiow.com.br\/site\/wp-json\/wp\/v2\/types\/post"}],"author":[{"embeddable":true,"href":"https:\/\/radiostudiow.com.br\/site\/wp-json\/wp\/v2\/users\/2"}],"replies":[{"embeddable":true,"href":"https:\/\/radiostudiow.com.br\/site\/wp-json\/wp\/v2\/comments?post=15645"}],"version-history":[{"count":1,"href":"https:\/\/radiostudiow.com.br\/site\/wp-json\/wp\/v2\/posts\/15645\/revisions"}],"predecessor-version":[{"id":15647,"href":"https:\/\/radiostudiow.com.br\/site\/wp-json\/wp\/v2\/posts\/15645\/revisions\/15647"}],"wp:featuredmedia":[{"embeddable":true,"href":"https:\/\/radiostudiow.com.br\/site\/wp-json\/wp\/v2\/media\/15646"}],"wp:attachment":[{"href":"https:\/\/radiostudiow.com.br\/site\/wp-json\/wp\/v2\/media?parent=15645"}],"wp:term":[{"taxonomy":"category","embeddable":true,"href":"https:\/\/radiostudiow.com.br\/site\/wp-json\/wp\/v2\/categories?post=15645"},{"taxonomy":"post_tag","embeddable":true,"href":"https:\/\/radiostudiow.com.br\/site\/wp-json\/wp\/v2\/tags?post=15645"}],"curies":[{"name":"wp","href":"https:\/\/api.w.org\/{rel}","templated":true}]}}