{"id":15657,"date":"2023-10-06T10:12:13","date_gmt":"2023-10-06T13:12:13","guid":{"rendered":"https:\/\/radiostudiow.com.br\/site\/?p=15657"},"modified":"2025-01-31T15:06:27","modified_gmt":"2025-01-31T18:06:27","slug":"mallet-firma-parceria-com-senac-e-aproximadamente-100-alunos-sao-contemplados-com-curso-de-gastronomia-de-forma-gratuita","status":"publish","type":"post","link":"https:\/\/radiostudiow.com.br\/site\/2023\/10\/06\/mallet-firma-parceria-com-senac-e-aproximadamente-100-alunos-sao-contemplados-com-curso-de-gastronomia-de-forma-gratuita\/","title":{"rendered":"MALLET FIRMA PARCERIA COM SENAC E APROXIMADAMENTE\u00a0100 ALUNOS S\u00c3O\u00a0 CONTEMPLADOS COM CURSO DE GASTRONOMIA DE FORMA GRATUITA"},"content":{"rendered":"\n<p><em>Na tarde desta ter\u00e7a-feira (03), nas depend\u00eancias do Pal\u00e1cio 21 de Setembro, a C\u00e2mara Municipal de Mallet,\u00a0 ocorreu a Cerim\u00f4nia de Lan\u00e7amento da Unidade M\u00f3vel de Gastronomia.<\/em><\/p>\n\n\n\n<p><strong>O Curso \u00e9 oferecido pela Prefeitura Municipal\u00a0 de Mallet em parceria\u00a0 com o Sistema Fecom\u00e9rcio, Sesc, Senac Paran\u00e1.<\/strong><\/p>\n\n\n\n<figure class=\"wp-block-image size-full\"><img decoding=\"async\" src=\"https:\/\/radiostudiow.com.br\/site\/wp-content\/uploads\/2023\/08\/image-125.png\" alt=\"\" class=\"wp-image-14658\"\/><\/figure>\n\n\n\n<p>No evento de abertura marcou presen\u00e7a &nbsp;o Vice Prefeito Francisco Jos\u00e9 Makoski&nbsp; (Chico), representando o prefeito Moacir Szinvelski que estava em viagem, a Secret\u00e1ria Municipal da Fam\u00edlia e Desenvolvimento&nbsp; Social, Eul\u00e1lia Sobanski Horn, o Presidente da C\u00e2mara de Vereadores Alcides Afonso Papis e ainda contou com a participa\u00e7\u00e3o do Diretor Interino do Senac Paran\u00e1,&nbsp; Jefferson Vanderlei Basso e do Gerente Executivo das Unidades do Senac de Irati\/Prudent\u00f3polis Jo\u00e3o Guilherme Baggio de Oliveira, do Gerente Executivo do SESC de Uni\u00e3o da Vit\u00f3ria Jonathan&nbsp; Henrique Beber, al\u00e9m de vereadores e secret\u00e1rios municipais que acompanharam a solenidade.<\/p>\n\n\n\n<p>Para o Vice Prefeito Francisco Jos\u00e9 Makoski,\u00a0 esta parceria entre prefeitura e Senac, sempre dar\u00e1 certo,\u00a0 pois o principal contemplado \u00e9\u00a0 a popula\u00e7\u00e3o que\u00a0 realmente quer\u00a0 aprender e busca uma vaga no mercado de trabalho.<em>&#8220;Todos os malletenses tem o direito de buscar a melhoria\u00a0 para a sua vida profissional e a prefeitura municipal\u00a0 oferta estas oportunidades de crescimento. Basta ter vontade e coragem pra mudar de vida&#8221;, destacou Chico\u00a0 \u00e0 Studio W.\u00a0<\/em><\/p>\n\n\n\n<p>De acordo com o Diretor interino do Senac do Paran\u00e1,\u00a0 Jefferson Vanderlei Basso,\u00a0 a contempla\u00e7\u00e3o desta unidade m\u00f3vel para o munic\u00edpio de Mallet, se d\u00e1\u00a0 pela oficializa\u00e7\u00e3o do pedido para a \u00e1rea de gastronomia e turismo.<em> &#8220;Como o Senac tem a miss\u00e3o de preparar profissionais para o mercado de trabalho, disponibilizou uma de suas 4 carretas do curso de gastronomia, onde levar\u00e1\u00a0 a quem interessar a sua primeira qualifica\u00e7\u00e3o ou at\u00e9 mesmo revendo os conceitos da gastronomia e assim preparar melhor para uma excelente m\u00e3o de obra, atendendo n\u00e3o s\u00f3 aos mun\u00edcipes mas tamb\u00e9m aos visitantes, atrav\u00e9s do turismo que gera uma grande fonte de renda&#8221;, destacou Jefferson Basso a nossa reportagem.\u00a0<\/em><\/p>\n\n\n\n<figure class=\"wp-block-image size-full\"><img decoding=\"async\" src=\"https:\/\/radiostudiow.com.br\/site\/wp-content\/uploads\/2023\/05\/image-2.png\" alt=\"\" class=\"wp-image-12867\"\/><\/figure>\n\n\n\n<p>Logo ap\u00f3s a solenidade de lan\u00e7amento,\u00a0 todos os convidados foram conhecer\u00a0 as estruturas que est\u00e1 localizada no estacionamento da Pra\u00e7a dos Expedicion\u00e1rios ao lado do Pr\u00e9dio\u00a0 Hist\u00f3rico da antiga Prefeitura de Mallet, na Rua Major Estev\u00e3o.<\/p>\n\n\n\n<p>A carreta \u00e9 uma escola m\u00f3vel que conta com uma infraestrutura completa para a realiza\u00e7\u00e3o do curso e possibilitar\u00e1 o aperfei\u00e7oamento profissional para aproximadamente 100 malletenses distribu\u00eddos em tr\u00eas turnos, voltados \u00e0 empregabilidade e ao empreendedorismo, com aulas te\u00f3ricas e pr\u00e1ticas., nos cursos de:<\/p>\n\n\n\n<ul class=\"wp-block-list\">\n<li>Cozinha Brasileira,\u00a0<\/li>\n\n\n\n<li>Bases da Cozinha,<\/li>\n\n\n\n<li>Confeitaria para Restaurantes,\u00a0<\/li>\n\n\n\n<li>Hamb\u00farguer Gourmet,\u00a0<\/li>\n\n\n\n<li>Preparo de Massas Frescas e Recheadas,\u00a0<\/li>\n\n\n\n<li>Preparo de Pizzas.<\/li>\n<\/ul>\n\n\n\n<p>A carreta ficar\u00e1 em Mallet entre os dias 02 e 27 de outubro e ofertar\u00e1 os cursos de forma gratuita a popula\u00e7\u00e3o.<\/p>\n\n\n\n<figure class=\"wp-block-gallery has-nested-images columns-default is-cropped wp-block-gallery-1 is-layout-flex wp-block-gallery-is-layout-flex\">\n<figure class=\"wp-block-image size-large\"><img loading=\"lazy\" decoding=\"async\" width=\"1024\" height=\"768\" data-id=\"15659\" src=\"https:\/\/radiostudiow.com.br\/site\/wp-content\/uploads\/2023\/10\/image-26-1024x768.png\" alt=\"\" class=\"wp-image-15659\" srcset=\"https:\/\/radiostudiow.com.br\/site\/wp-content\/uploads\/2023\/10\/image-26-1024x768.png 1024w, https:\/\/radiostudiow.com.br\/site\/wp-content\/uploads\/2023\/10\/image-26-300x225.png 300w, https:\/\/radiostudiow.com.br\/site\/wp-content\/uploads\/2023\/10\/image-26-768x576.png 768w, https:\/\/radiostudiow.com.br\/site\/wp-content\/uploads\/2023\/10\/image-26-1536x1152.png 1536w, https:\/\/radiostudiow.com.br\/site\/wp-content\/uploads\/2023\/10\/image-26.png 1600w\" sizes=\"auto, (max-width: 1024px) 100vw, 1024px\" \/><\/figure>\n\n\n\n<figure class=\"wp-block-image size-large\"><img loading=\"lazy\" decoding=\"async\" width=\"1024\" height=\"768\" data-id=\"15660\" src=\"https:\/\/radiostudiow.com.br\/site\/wp-content\/uploads\/2023\/10\/image-28-1024x768.png\" alt=\"\" class=\"wp-image-15660\" srcset=\"https:\/\/radiostudiow.com.br\/site\/wp-content\/uploads\/2023\/10\/image-28-1024x768.png 1024w, https:\/\/radiostudiow.com.br\/site\/wp-content\/uploads\/2023\/10\/image-28-300x225.png 300w, https:\/\/radiostudiow.com.br\/site\/wp-content\/uploads\/2023\/10\/image-28-768x576.png 768w, https:\/\/radiostudiow.com.br\/site\/wp-content\/uploads\/2023\/10\/image-28-1536x1152.png 1536w, https:\/\/radiostudiow.com.br\/site\/wp-content\/uploads\/2023\/10\/image-28.png 1600w\" sizes=\"auto, (max-width: 1024px) 100vw, 1024px\" \/><\/figure>\n\n\n\n<figure class=\"wp-block-image size-large\"><img loading=\"lazy\" decoding=\"async\" width=\"1024\" height=\"768\" data-id=\"15661\" src=\"https:\/\/radiostudiow.com.br\/site\/wp-content\/uploads\/2023\/10\/image-29-1024x768.png\" alt=\"\" class=\"wp-image-15661\" srcset=\"https:\/\/radiostudiow.com.br\/site\/wp-content\/uploads\/2023\/10\/image-29-1024x768.png 1024w, https:\/\/radiostudiow.com.br\/site\/wp-content\/uploads\/2023\/10\/image-29-300x225.png 300w, https:\/\/radiostudiow.com.br\/site\/wp-content\/uploads\/2023\/10\/image-29-768x576.png 768w, https:\/\/radiostudiow.com.br\/site\/wp-content\/uploads\/2023\/10\/image-29-1536x1152.png 1536w, https:\/\/radiostudiow.com.br\/site\/wp-content\/uploads\/2023\/10\/image-29.png 1600w\" sizes=\"auto, (max-width: 1024px) 100vw, 1024px\" \/><\/figure>\n<\/figure>\n\n\n\n<figure class=\"wp-block-gallery has-nested-images columns-default is-cropped wp-block-gallery-2 is-layout-flex wp-block-gallery-is-layout-flex\">\n<figure class=\"wp-block-image size-large\"><img loading=\"lazy\" decoding=\"async\" width=\"1024\" height=\"768\" data-id=\"15665\" src=\"https:\/\/radiostudiow.com.br\/site\/wp-content\/uploads\/2023\/10\/image-33-1024x768.png\" alt=\"\" class=\"wp-image-15665\" srcset=\"https:\/\/radiostudiow.com.br\/site\/wp-content\/uploads\/2023\/10\/image-33-1024x768.png 1024w, https:\/\/radiostudiow.com.br\/site\/wp-content\/uploads\/2023\/10\/image-33-300x225.png 300w, https:\/\/radiostudiow.com.br\/site\/wp-content\/uploads\/2023\/10\/image-33-768x576.png 768w, https:\/\/radiostudiow.com.br\/site\/wp-content\/uploads\/2023\/10\/image-33-1536x1152.png 1536w, https:\/\/radiostudiow.com.br\/site\/wp-content\/uploads\/2023\/10\/image-33.png 1600w\" sizes=\"auto, (max-width: 1024px) 100vw, 1024px\" \/><\/figure>\n\n\n\n<figure class=\"wp-block-image size-large\"><img loading=\"lazy\" decoding=\"async\" width=\"1024\" height=\"768\" data-id=\"15666\" src=\"https:\/\/radiostudiow.com.br\/site\/wp-content\/uploads\/2023\/10\/image-34-1024x768.png\" alt=\"\" class=\"wp-image-15666\" srcset=\"https:\/\/radiostudiow.com.br\/site\/wp-content\/uploads\/2023\/10\/image-34-1024x768.png 1024w, https:\/\/radiostudiow.com.br\/site\/wp-content\/uploads\/2023\/10\/image-34-300x225.png 300w, https:\/\/radiostudiow.com.br\/site\/wp-content\/uploads\/2023\/10\/image-34-768x576.png 768w, https:\/\/radiostudiow.com.br\/site\/wp-content\/uploads\/2023\/10\/image-34-1536x1152.png 1536w, https:\/\/radiostudiow.com.br\/site\/wp-content\/uploads\/2023\/10\/image-34.png 1600w\" sizes=\"auto, (max-width: 1024px) 100vw, 1024px\" \/><\/figure>\n\n\n\n<figure class=\"wp-block-image size-large\"><img loading=\"lazy\" decoding=\"async\" width=\"1024\" height=\"768\" data-id=\"15667\" src=\"https:\/\/radiostudiow.com.br\/site\/wp-content\/uploads\/2023\/10\/image-35-1024x768.png\" alt=\"\" class=\"wp-image-15667\" srcset=\"https:\/\/radiostudiow.com.br\/site\/wp-content\/uploads\/2023\/10\/image-35-1024x768.png 1024w, https:\/\/radiostudiow.com.br\/site\/wp-content\/uploads\/2023\/10\/image-35-300x225.png 300w, https:\/\/radiostudiow.com.br\/site\/wp-content\/uploads\/2023\/10\/image-35-768x576.png 768w, https:\/\/radiostudiow.com.br\/site\/wp-content\/uploads\/2023\/10\/image-35-1536x1152.png 1536w, https:\/\/radiostudiow.com.br\/site\/wp-content\/uploads\/2023\/10\/image-35.png 1600w\" sizes=\"auto, (max-width: 1024px) 100vw, 1024px\" \/><\/figure>\n<\/figure>\n\n\n\n<figure class=\"wp-block-gallery has-nested-images columns-default is-cropped wp-block-gallery-3 is-layout-flex wp-block-gallery-is-layout-flex\">\n<figure class=\"wp-block-image size-large\"><img loading=\"lazy\" decoding=\"async\" width=\"768\" height=\"1024\" data-id=\"15662\" src=\"https:\/\/radiostudiow.com.br\/site\/wp-content\/uploads\/2023\/10\/image-30-768x1024.png\" alt=\"\" class=\"wp-image-15662\" srcset=\"https:\/\/radiostudiow.com.br\/site\/wp-content\/uploads\/2023\/10\/image-30-768x1024.png 768w, https:\/\/radiostudiow.com.br\/site\/wp-content\/uploads\/2023\/10\/image-30-225x300.png 225w, https:\/\/radiostudiow.com.br\/site\/wp-content\/uploads\/2023\/10\/image-30-1152x1536.png 1152w, https:\/\/radiostudiow.com.br\/site\/wp-content\/uploads\/2023\/10\/image-30.png 1200w\" sizes=\"auto, (max-width: 768px) 100vw, 768px\" \/><\/figure>\n\n\n\n<figure class=\"wp-block-image size-large\"><img loading=\"lazy\" decoding=\"async\" width=\"768\" height=\"1024\" data-id=\"15663\" src=\"https:\/\/radiostudiow.com.br\/site\/wp-content\/uploads\/2023\/10\/image-31-768x1024.png\" alt=\"\" class=\"wp-image-15663\" srcset=\"https:\/\/radiostudiow.com.br\/site\/wp-content\/uploads\/2023\/10\/image-31-768x1024.png 768w, https:\/\/radiostudiow.com.br\/site\/wp-content\/uploads\/2023\/10\/image-31-225x300.png 225w, https:\/\/radiostudiow.com.br\/site\/wp-content\/uploads\/2023\/10\/image-31-1152x1536.png 1152w, https:\/\/radiostudiow.com.br\/site\/wp-content\/uploads\/2023\/10\/image-31.png 1200w\" sizes=\"auto, (max-width: 768px) 100vw, 768px\" \/><\/figure>\n\n\n\n<figure class=\"wp-block-image size-large\"><img loading=\"lazy\" decoding=\"async\" width=\"768\" height=\"1024\" data-id=\"15664\" src=\"https:\/\/radiostudiow.com.br\/site\/wp-content\/uploads\/2023\/10\/image-32-768x1024.png\" alt=\"\" class=\"wp-image-15664\" srcset=\"https:\/\/radiostudiow.com.br\/site\/wp-content\/uploads\/2023\/10\/image-32-768x1024.png 768w, https:\/\/radiostudiow.com.br\/site\/wp-content\/uploads\/2023\/10\/image-32-225x300.png 225w, https:\/\/radiostudiow.com.br\/site\/wp-content\/uploads\/2023\/10\/image-32-1152x1536.png 1152w, https:\/\/radiostudiow.com.br\/site\/wp-content\/uploads\/2023\/10\/image-32.png 1200w\" sizes=\"auto, (max-width: 768px) 100vw, 768px\" \/><\/figure>\n<\/figure>\n\n\n\n<figure class=\"wp-block-gallery has-nested-images columns-default is-cropped wp-block-gallery-4 is-layout-flex wp-block-gallery-is-layout-flex\">\n<figure class=\"wp-block-image size-large\"><img loading=\"lazy\" decoding=\"async\" width=\"1024\" height=\"768\" data-id=\"15668\" src=\"https:\/\/radiostudiow.com.br\/site\/wp-content\/uploads\/2023\/10\/image-36-1024x768.png\" alt=\"\" class=\"wp-image-15668\" srcset=\"https:\/\/radiostudiow.com.br\/site\/wp-content\/uploads\/2023\/10\/image-36-1024x768.png 1024w, https:\/\/radiostudiow.com.br\/site\/wp-content\/uploads\/2023\/10\/image-36-300x225.png 300w, https:\/\/radiostudiow.com.br\/site\/wp-content\/uploads\/2023\/10\/image-36-768x576.png 768w, https:\/\/radiostudiow.com.br\/site\/wp-content\/uploads\/2023\/10\/image-36-1536x1152.png 1536w, https:\/\/radiostudiow.com.br\/site\/wp-content\/uploads\/2023\/10\/image-36.png 1600w\" sizes=\"auto, (max-width: 1024px) 100vw, 1024px\" \/><\/figure>\n\n\n\n<figure class=\"wp-block-image size-large\"><img decoding=\"async\" data-id=\"15670\" src=\"https:\/\/radiostudiow.com.br\/site\/wp-content\/uploads\/2023\/10\/image-38-1024x768.png\" alt=\"\" class=\"wp-image-15670\"\/><\/figure>\n\n\n\n<figure class=\"wp-block-image size-large\"><img decoding=\"async\" data-id=\"15671\" src=\"https:\/\/radiostudiow.com.br\/site\/wp-content\/uploads\/2023\/10\/image-39-1024x768.png\" alt=\"\" class=\"wp-image-15671\"\/><\/figure>\n<\/figure>\n","protected":false},"excerpt":{"rendered":"<p>Na tarde desta ter\u00e7a-feira (03), nas depend\u00eancias do Pal\u00e1cio 21 de Setembro, a C\u00e2mara Municipal de Mallet,\u00a0 ocorreu a Cerim\u00f4nia de Lan\u00e7amento da Unidade M\u00f3vel de Gastronomia. O Curso \u00e9 oferecido pela Prefeitura Municipal\u00a0 de Mallet em parceria\u00a0 com o Sistema Fecom\u00e9rcio, Sesc, Senac Paran\u00e1. No evento de abertura marcou presen\u00e7a &nbsp;o Vice Prefeito Francisco [&hellip;]<\/p>\n","protected":false},"author":2,"featured_media":15658,"comment_status":"open","ping_status":"open","sticky":false,"template":"","format":"standard","meta":{"footnotes":""},"categories":[184],"tags":[172],"class_list":["post-15657","post","type-post","status-publish","format-standard","has-post-thumbnail","hentry","category-local","tag-featured"],"amp_enabled":true,"_links":{"self":[{"href":"https:\/\/radiostudiow.com.br\/site\/wp-json\/wp\/v2\/posts\/15657","targetHints":{"allow":["GET"]}}],"collection":[{"href":"https:\/\/radiostudiow.com.br\/site\/wp-json\/wp\/v2\/posts"}],"about":[{"href":"https:\/\/radiostudiow.com.br\/site\/wp-json\/wp\/v2\/types\/post"}],"author":[{"embeddable":true,"href":"https:\/\/radiostudiow.com.br\/site\/wp-json\/wp\/v2\/users\/2"}],"replies":[{"embeddable":true,"href":"https:\/\/radiostudiow.com.br\/site\/wp-json\/wp\/v2\/comments?post=15657"}],"version-history":[{"count":1,"href":"https:\/\/radiostudiow.com.br\/site\/wp-json\/wp\/v2\/posts\/15657\/revisions"}],"predecessor-version":[{"id":15672,"href":"https:\/\/radiostudiow.com.br\/site\/wp-json\/wp\/v2\/posts\/15657\/revisions\/15672"}],"wp:featuredmedia":[{"embeddable":true,"href":"https:\/\/radiostudiow.com.br\/site\/wp-json\/wp\/v2\/media\/15658"}],"wp:attachment":[{"href":"https:\/\/radiostudiow.com.br\/site\/wp-json\/wp\/v2\/media?parent=15657"}],"wp:term":[{"taxonomy":"category","embeddable":true,"href":"https:\/\/radiostudiow.com.br\/site\/wp-json\/wp\/v2\/categories?post=15657"},{"taxonomy":"post_tag","embeddable":true,"href":"https:\/\/radiostudiow.com.br\/site\/wp-json\/wp\/v2\/tags?post=15657"}],"curies":[{"name":"wp","href":"https:\/\/api.w.org\/{rel}","templated":true}]}}