{"id":15728,"date":"2023-10-07T12:43:20","date_gmt":"2023-10-07T15:43:20","guid":{"rendered":"https:\/\/radiostudiow.com.br\/site\/?p=15728"},"modified":"2025-01-31T15:06:26","modified_gmt":"2025-01-31T18:06:26","slug":"enem-2023-professores-dao-dicas-de-preparacao-na-reta-final-e-tudo-o-que-voce-precisa-saber","status":"publish","type":"post","link":"https:\/\/radiostudiow.com.br\/site\/2023\/10\/07\/enem-2023-professores-dao-dicas-de-preparacao-na-reta-final-e-tudo-o-que-voce-precisa-saber\/","title":{"rendered":"ENEM 2023! PROFESSORES D\u00c3O DICAS DE PREPARA\u00c7\u00c3O NA RETA FINAL E TUDO O QUE VOC\u00ca PRECISA SABER"},"content":{"rendered":"\n<p>Faltando um m\u00eas para o primeiro dia de provas do Exame Nacional do Ensino M\u00e9dio (Enem), o momento agora \u00e9 de revisar conte\u00fados, principalmente por meio da realiza\u00e7\u00e3o de provas antigas do Enem. <em>\u201cAgora n\u00e3o \u00e9 hora de aprender coisas novas, \u00e9 hora de revisar assuntos, especialmente fazendo exerc\u00edcios\u201d, ressalta o professor de L\u00edngua Portuguesa&nbsp;<a rel=\"noreferrer noopener\" href=\"https:\/\/www.youtube.com\/@ProfessorNoslen\" target=\"_blank\"><strong>Noslen Borges<\/strong><\/a>, que tem seu pr\u00f3prio canal de conte\u00fado no Youtube.&nbsp;<\/em><\/p>\n\n\n\n<figure class=\"wp-block-image size-large\"><img decoding=\"async\" src=\"https:\/\/radiostudiow.com.br\/site\/wp-content\/uploads\/2023\/10\/image-41-1024x390.png\" alt=\"\" class=\"wp-image-15703\"\/><\/figure>\n\n\n\n<h2 class=\"wp-block-heading\">Momento \u00e9 de revisar conte\u00fado, e n\u00e3o de aprender coisas novas!<\/h2>\n\n\n\n<p>A resolu\u00e7\u00e3o de provas antigas ajuda o aluno a identificar os conte\u00fados nos quais ainda tem alguma d\u00favida, para poder revisar com mais aten\u00e7\u00e3o aqueles itens. Mas o principal objetivo, segundo os professores, \u00e9 praticar o controle do tempo e se acostumar com a estrutura das provas.&nbsp;<\/p>\n\n\n\n<p><em>\u201cRefazer as provas anteriores com aquele olhar de memoriza\u00e7\u00e3o, de pensar na estrutura da prova. Mais do que as mat\u00e9rias em si, pensar no estilo da quest\u00e3o, na maneira que aborda. Porque o Enem \u00e9 repetitivo, todo ano a gente tem mais ou menos a mesma coisa\u201d, diz a professora Carol Mendon\u00e7a, do canal&nbsp;<a rel=\"noreferrer noopener\" href=\"https:\/\/www.youtube.com\/@PortuguesParaDesesperados\" target=\"_blank\"><strong>Portugu\u00eas para Desesperados<\/strong><\/a>&nbsp;<\/em><\/p>\n\n\n\n<p>A professora explica que o Exame cobra mais a metodologia de resolu\u00e7\u00e3o da quest\u00e3o do que o conte\u00fado em si, principalmente na prova de Portugu\u00eas. <em>\u201cIsso \u00e9 bom e ruim. Voc\u00ea n\u00e3o precisa saber tanto o conte\u00fado, mas precisa conhecer bem a prova. Ent\u00e3o, fazer as quest\u00f5es anteriores \u00e9 lei para quem estudou e tamb\u00e9m para quem n\u00e3o estudou nada\u201d, enfatiza a professora Carol,<\/em> lembrando que \u00e9 aconselh\u00e1vel refazer, pelo menos, as provas dos \u00faltimos 3 anos.&nbsp;&nbsp;<\/p>\n\n\n\n<p>Outra dica da professora para esses \u00faltimos dias \u00e9 treinar o preenchimento do cart\u00e3o-resposta, para que o aluno possa identificar se ele se adapta mais ao esquema de preencher cada quest\u00e3o assim que define a resposta no caderno de quest\u00f5es ou se \u00e9 melhor marcar todas as respostas no final. <em>\u201cEu gosto de deixar pelo menos uns 20 minutos para o preenchimento do cart\u00e3o-resposta. Porque ele \u00e9 muito grande, e se voc\u00ea erra uma no come\u00e7o, pode ser que voc\u00ea se embole todo. Ent\u00e3o, vale a pena fazer esse exerc\u00edcio, para simular como voc\u00ea se sai melhor\u201d.&nbsp;&nbsp;<\/em><\/p>\n\n\n\n<p>No site do Instituto Nacional de Estudos e Pesquisas Educacionais An\u00edsioTeixeira (Inep),&nbsp;<a rel=\"noreferrer noopener\" href=\"https:\/\/www.gov.br\/inep\/pt-br\/areas-de-atuacao\/avaliacao-e-exames-educacionais\/enem\/provas-e-gabaritos\" target=\"_blank\"><strong>est\u00e3o dispon\u00edveis as provas<\/strong><\/a>&nbsp;e os gabaritos da aplica\u00e7\u00e3o regular, da digital, e tamb\u00e9m as vers\u00f5es da prova em libras e para pessoas privadas de liberdade.<\/p>\n\n\n\n<h2 class=\"wp-block-heading\"><strong>Reda\u00e7\u00e3o e not\u00edcias<\/strong><\/h2>\n\n\n\n<p>Nessa reta final do Enem, ainda d\u00e1 tempo de praticar a reda\u00e7\u00e3o, considerada fundamental para uma boa classifica\u00e7\u00e3o no exame. <em>\u201cTem que fazer pelo menos umas duas reda\u00e7\u00f5es por semana e dar para algum professor corrigir, para entender onde voc\u00ea pode melhorar\u201d, aconselha Noslen.&nbsp;&nbsp;<\/em><\/p>\n\n\n\n<p>A professora de reda\u00e7\u00e3o Roberta Panza, da plataforma de estudos&nbsp;<a rel=\"noreferrer noopener\" href=\"https:\/\/descomplica.com.br\/vestibulares\/enem\/?&amp;utm_source=google&amp;utm_medium=cpc&amp;utm_campaign=psq-sb_uee_performance_gwt-paid-media_meio_conversao_ongoing_venda_marktech&amp;utm_term=descomplica%20curso%20enem&amp;utm_content=institucional&amp;gclid=Cj0KCQjwmvSoBhDOARIsAK6aV7gOTf-NwWNBPp28UznNcB6pwOIN7UTDSRpJggXbZ8gdpr5lMIiZOzQaAszPEALw_wcB\" target=\"_blank\"><strong>Descomplica<\/strong><\/a>,&nbsp;sugere que os&nbsp;estudantes aproveitem esses \u00faltimos dias para reler os textos de reda\u00e7\u00f5es que eles j\u00e1 fizeram e tamb\u00e9m trocar os textos entre os colegas. Ela diz que o foco do estudo&nbsp;deve ser para&nbsp;atores sociais como escola, m\u00eddia, governo e iniciativa privada. <em>\u201cNessa reta final, \u00e9 o momento de eles constru\u00edrem repert\u00f3rio, que \u00e9 algo que eles temem muito. Ent\u00e3o, \u00e9 preciso trabalhar como esses atores sociais s\u00e3o respons\u00e1veis por muitos problemas que atravessam os diversos temas que j\u00e1 ca\u00edram e que podem cair no Enem\u201d, diz.&nbsp;<\/em><\/p>\n\n\n\n<p>Para se preparar para o Enem, tamb\u00e9m \u00e9 importante que os alunos acompanhem de perto os principais acontecimentos no Brasil e no mundo. A prova costuma abordar assuntos da atualidade, tanto em perguntas espec\u00edficas como em textos que subsidiam as quest\u00f5es e na pr\u00f3pria reda\u00e7\u00e3o.&nbsp;<\/p>\n\n\n\n<p>Por isso, a sugest\u00e3o dos professores \u00e9 aproveitar essa reta final para colocar em dia a leitura de not\u00edcias sobre o que aconteceu nos \u00faltimos meses. <em>\u201c\u00c9 bom investir na leitura de not\u00edcias de v\u00e1rios ve\u00edculos diferentes, para ver como cada ve\u00edculo aborda aquele assunto\u201d, diz o professor Noslen, <\/em>alertando que a fonte de informa\u00e7\u00e3o deve ser ve\u00edculos que t\u00eam refer\u00eancia e valida\u00e7\u00e3o.&nbsp;<\/p>\n\n\n\n<p>Conciliar o estudo com momentos de descanso e lazer tamb\u00e9m \u00e9 fundamental nesse \u00faltimo m\u00eas. <em>\u201cAgora \u00e9 hora de o aluno entender que a maior parte do trabalho j\u00e1 est\u00e1, ou j\u00e1 deveria estar, pronta. N\u00e3o h\u00e1 grandes milagres que se possa fazer, e manter a cabe\u00e7a no lugar far\u00e1 toda a diferen\u00e7a no dia da prova. Portanto, nada de fazer maratonas intermin\u00e1veis de estudo, que mais cansam do que ajudam\u201d, diz a professora \u00c1vila Oliveira, coordenadora do pr\u00e9-vestibular Unificado, de Porto Alegre (RS).&nbsp;<\/em><\/p>\n\n\n\n<blockquote class=\"wp-block-quote is-layout-flow wp-block-quote-is-layout-flow\">\n<p><strong>Datas e hor\u00e1rios<\/strong>!<\/p>\n\n\n\n<p>O Enem 2023 ser\u00e1 realizado nos dias 5 e 12 de novembro. No primeiro dia de prova, os participantes fazem as quest\u00f5es de Linguagens e C\u00f3digos, Ci\u00eancias Humanas e reda\u00e7\u00e3o. No segundo dia, de Ci\u00eancias da Natureza e Matem\u00e1tica.&nbsp;<\/p>\n\n\n\n<p>Nos dois dias, a abertura dos port\u00f5es ser\u00e1 \u00e0s 12h e o fechamento \u00e0s 13h, pelo hor\u00e1rio de Bras\u00edlia. O in\u00edcio da prova est\u00e1 marcado para \u00e0s 13h30 nos dois dias de prova, mas o hor\u00e1rio de t\u00e9rmino \u00e9 diferente: no dia 5 de novembro, as provas terminam \u00e0s 19h e no dia 12 de novembro, \u00e0s 18h30.<\/p>\n<\/blockquote>\n\n\n\n<figure class=\"wp-block-image size-full\"><img decoding=\"async\" src=\"https:\/\/radiostudiow.com.br\/site\/wp-content\/uploads\/2023\/08\/image-127.png\" alt=\"\" class=\"wp-image-14660\"\/><\/figure>\n\n\n\n<figure class=\"wp-block-image size-large\"><img loading=\"lazy\" decoding=\"async\" width=\"683\" height=\"1024\" src=\"https:\/\/radiostudiow.com.br\/site\/wp-content\/uploads\/2023\/10\/notebook-background-1400-x-2100-j4usnvdynyddlla5-683x1024.png\" alt=\"\" class=\"wp-image-15731\" srcset=\"https:\/\/radiostudiow.com.br\/site\/wp-content\/uploads\/2023\/10\/notebook-background-1400-x-2100-j4usnvdynyddlla5-683x1024.png 683w, https:\/\/radiostudiow.com.br\/site\/wp-content\/uploads\/2023\/10\/notebook-background-1400-x-2100-j4usnvdynyddlla5-200x300.png 200w, https:\/\/radiostudiow.com.br\/site\/wp-content\/uploads\/2023\/10\/notebook-background-1400-x-2100-j4usnvdynyddlla5-768x1152.png 768w, https:\/\/radiostudiow.com.br\/site\/wp-content\/uploads\/2023\/10\/notebook-background-1400-x-2100-j4usnvdynyddlla5-1024x1536.png 1024w, https:\/\/radiostudiow.com.br\/site\/wp-content\/uploads\/2023\/10\/notebook-background-1400-x-2100-j4usnvdynyddlla5.png 1280w\" sizes=\"auto, (max-width: 683px) 100vw, 683px\" \/><\/figure>\n\n\n\n<h2 class=\"wp-block-heading\">TUDO O QUE VOC\u00ca PRECISA SABER<\/h2>\n\n\n\n<p>Como ocorre&nbsp;desde 2017, o exame ser\u00e1&nbsp;realizado&nbsp;em dois domingos consecutivos &#8211; antes,&nbsp;era&nbsp;aplicado&nbsp;em um \u00fanico fim de semana, s\u00e1bado e domingo. Em 2023, ser\u00e1&nbsp;nos dias 5 e 12 de novembro.&nbsp;<\/p>\n\n\n\n<p>No primeiro dia de prova, os participantes fazem as quest\u00f5es de Linguagens e C\u00f3digos, Ci\u00eancias Humanas e reda\u00e7\u00e3o. No segundo dia,&nbsp;de Ci\u00eancias da Natureza e Matem\u00e1tica.&nbsp;<\/p>\n\n\n\n<h2 class=\"wp-block-heading\"><strong>Como s\u00e3o as provas<\/strong><\/h2>\n\n\n\n<p>O Enem \u00e9 composto por quatro provas objetivas, com 45 quest\u00f5es em cada \u00e1rea do conhecimento: Linguagens, c\u00f3digos e suas tecnologias; Ci\u00eancias humanas e suas tecnologias; Ci\u00eancias da natureza e suas tecnologias e Matem\u00e1tica e suas tecnologias.&nbsp;<\/p>\n\n\n\n<p>Al\u00e9m disso, \u00e9 preciso fazer uma reda\u00e7\u00e3o de no m\u00e1ximo 30 linhas, com estrutura dissertativo-argumentativa, desenvolvida a partir de uma situa\u00e7\u00e3o-problema.<\/p>\n\n\n\n<p>Os itens do Enem s\u00e3o elaborados por especialistas selecionados por meio de chamada p\u00fablica do Instituto Nacional de Estudos e Pesquisas Educacionais An\u00edsio Teixeira (Inep). Eles devem seguir a&nbsp;<a rel=\"noreferrer noopener\" href=\"http:\/\/xn--matriz%20de%20referncia-idc\/\" target=\"_blank\"><strong>matriz de refer\u00eancia<\/strong><\/a>, guia de elabora\u00e7\u00e3o e revis\u00e3o de itens estabelecidos pelo Inep.&nbsp;<\/p>\n\n\n\n<h2 class=\"wp-block-heading\"><strong>O que levar<\/strong><\/h2>\n\n\n\n<p>No dia da prova, \u00e9 obrigat\u00f3rio levar caneta esferogr\u00e1fica de tinta preta, fabricada em material transparente e documento de identifica\u00e7\u00e3o v\u00e1lido, f\u00edsico ou digital. Tamb\u00e9m \u00e9 aconselh\u00e1vel levar o cart\u00e3o de confirma\u00e7\u00e3o de inscri\u00e7\u00e3o e a declara\u00e7\u00e3o de comparecimento impressa, caso precise justificar sua presen\u00e7a no exame.&nbsp;<\/p>\n\n\n\n<p>Entre os documentos de identifica\u00e7\u00e3o v\u00e1lidos est\u00e3o&nbsp;c\u00e9dulas de Identidade, identidade expedida pelo Minist\u00e9rio da Justi\u00e7a para estrangeiros, Carteira de Registro Nacional Migrat\u00f3rio, documento provis\u00f3rio de Registro Nacional Migrat\u00f3rio, identifica\u00e7\u00e3o fornecida por ordens ou conselhos de classes que, por lei, tenham validade como documento de identidade, passaporte e Carteira Nacional de Habilita\u00e7\u00e3o.&nbsp;<\/p>\n\n\n\n<p>Neste ano, o Inep tamb\u00e9m incluiu os documentos digitais e-T\u00edtulo, Carteira Nacional de Habilita\u00e7\u00e3o Digital e RG Digital como documentos v\u00e1lidos para identifica\u00e7\u00e3o do participante no dia da aplica\u00e7\u00e3o do exame, desde que apresentados nos respectivos aplicativos oficiais. Capturas de telas n\u00e3o ser\u00e3o aceitas.<\/p>\n\n\n\n<p>O Cart\u00e3o de Confirma\u00e7\u00e3o de Inscri\u00e7\u00e3o \u00e9 disponibilizado algumas semanas antes da prova. Ele cont\u00e9m informa\u00e7\u00f5es como n\u00famero de inscri\u00e7\u00e3o, data, hora e local das provas, atendimento especializado (se solicitado), op\u00e7\u00e3o pelo Enem impresso ou Enem Digital e op\u00e7\u00e3o de l\u00edngua estrangeira.&nbsp;<\/p>\n\n\n\n<h2 class=\"wp-block-heading\"><strong>O que n\u00e3o levar<\/strong><\/h2>\n\n\n\n<p>Antes de entrar na sala, os alunos recebem um envelope porta-objetos para guardar todos os itens proibidos. O envelope deve ser mantido&nbsp;embaixo da carteira, com os aparelhos eletr\u00f4nicos desligados.<\/p>\n\n\n\n<p>Ser\u00e1 eliminado o participante que portar itens fora do envelope porta-objetos, como \u00f3culos escuros, bon\u00e9, chap\u00e9u, caneta de material n\u00e3o transparente, l\u00e1pis, lapiseira, borrachas, r\u00e9guas, corretivos, livros, anota\u00e7\u00f5es, rel\u00f3gio de qualquer tipo, fones de ouvido e quaisquer dispositivos eletr\u00f4nicos. Tamb\u00e9m \u00e9 proibido portar bebidas alco\u00f3licas e usar drogas il\u00edcitas ou cigarros e outros derivados do tabaco no local de provas.<\/p>\n\n\n\n<p><strong>Texto\/Foto: Ag\u00eancia Brasil \/ <a href=\"https:\/\/hojecentrosul.com.br\/\" data-type=\"link\" data-id=\"https:\/\/hojecentrosul.com.br\/\">Hoje Centro Sul<\/a><\/strong><\/p>\n","protected":false},"excerpt":{"rendered":"<p>Faltando um m\u00eas para o primeiro dia de provas do Exame Nacional do Ensino M\u00e9dio (Enem), o momento agora \u00e9 de revisar conte\u00fados, principalmente por meio da realiza\u00e7\u00e3o de provas antigas do Enem. \u201cAgora n\u00e3o \u00e9 hora de aprender coisas novas, \u00e9 hora de revisar assuntos, especialmente fazendo exerc\u00edcios\u201d, ressalta o professor de L\u00edngua Portuguesa&nbsp;Noslen [&hellip;]<\/p>\n","protected":false},"author":2,"featured_media":15733,"comment_status":"open","ping_status":"open","sticky":false,"template":"","format":"standard","meta":{"footnotes":""},"categories":[7],"tags":[172],"class_list":["post-15728","post","type-post","status-publish","format-standard","has-post-thumbnail","hentry","category-geral","tag-featured"],"amp_enabled":true,"_links":{"self":[{"href":"https:\/\/radiostudiow.com.br\/site\/wp-json\/wp\/v2\/posts\/15728","targetHints":{"allow":["GET"]}}],"collection":[{"href":"https:\/\/radiostudiow.com.br\/site\/wp-json\/wp\/v2\/posts"}],"about":[{"href":"https:\/\/radiostudiow.com.br\/site\/wp-json\/wp\/v2\/types\/post"}],"author":[{"embeddable":true,"href":"https:\/\/radiostudiow.com.br\/site\/wp-json\/wp\/v2\/users\/2"}],"replies":[{"embeddable":true,"href":"https:\/\/radiostudiow.com.br\/site\/wp-json\/wp\/v2\/comments?post=15728"}],"version-history":[{"count":4,"href":"https:\/\/radiostudiow.com.br\/site\/wp-json\/wp\/v2\/posts\/15728\/revisions"}],"predecessor-version":[{"id":15734,"href":"https:\/\/radiostudiow.com.br\/site\/wp-json\/wp\/v2\/posts\/15728\/revisions\/15734"}],"wp:featuredmedia":[{"embeddable":true,"href":"https:\/\/radiostudiow.com.br\/site\/wp-json\/wp\/v2\/media\/15733"}],"wp:attachment":[{"href":"https:\/\/radiostudiow.com.br\/site\/wp-json\/wp\/v2\/media?parent=15728"}],"wp:term":[{"taxonomy":"category","embeddable":true,"href":"https:\/\/radiostudiow.com.br\/site\/wp-json\/wp\/v2\/categories?post=15728"},{"taxonomy":"post_tag","embeddable":true,"href":"https:\/\/radiostudiow.com.br\/site\/wp-json\/wp\/v2\/tags?post=15728"}],"curies":[{"name":"wp","href":"https:\/\/api.w.org\/{rel}","templated":true}]}}