{"id":15737,"date":"2023-10-09T09:46:39","date_gmt":"2023-10-09T12:46:39","guid":{"rendered":"https:\/\/radiostudiow.com.br\/site\/?p=15737"},"modified":"2025-01-31T15:06:26","modified_gmt":"2025-01-31T18:06:26","slug":"pessoas-morrem-apos-carro-partir-ao-meio-em-acidente-na-br-153-em-general-carneiro","status":"publish","type":"post","link":"https:\/\/radiostudiow.com.br\/site\/2023\/10\/09\/pessoas-morrem-apos-carro-partir-ao-meio-em-acidente-na-br-153-em-general-carneiro\/","title":{"rendered":"PESSOAS MORREM AP\u00d3S CARRO PARTIR AO MEIO EM ACIDENTE NA BR-153 EM GENERAL CARNEIRO"},"content":{"rendered":"\n<p>Um carro de passeio ficou completamente destru\u00eddo e duas pessoas morreram ap\u00f3s um grave acidente com uma carreta na rodovia BR-153, h\u00e1 cerca de 8 quil\u00f4metros do per\u00edmetro urbano de General Carneiro por volta das 15:30 horas desse domingo (08).<\/p>\n\n\n\n<figure class=\"wp-block-image size-full\"><img decoding=\"async\" src=\"https:\/\/radiostudiow.com.br\/site\/wp-content\/uploads\/2023\/08\/image-125.png\" alt=\"\" class=\"wp-image-14658\"\/><\/figure>\n\n\n\n<p>Segundo informa\u00e7\u00f5es obtidas pelo Portal Vvale, o casal que morreu no acidente morava em Ponte Serrada. O carro em que estavam as v\u00edtimas, um P\u00e1lio com placas de Porto Vit\u00f3ria, colidiu contra uma carreta.<\/p>\n\n\n\n<p>Uma das v\u00edtimas, um homem, era natural de Porto Vit\u00f3ria. A mulher era natural de Ponte Serrada. O casal morava na cidade catarinense e tinha vindo para a regi\u00e3o a passeio. No retorno para Ponte Serrada se envolveram no acidente fatal.<\/p>\n\n\n\n<figure class=\"wp-block-image size-full\"><img loading=\"lazy\" decoding=\"async\" width=\"765\" height=\"474\" src=\"https:\/\/radiostudiow.com.br\/site\/wp-content\/uploads\/2023\/10\/image-51.png\" alt=\"\" class=\"wp-image-15739\" srcset=\"https:\/\/radiostudiow.com.br\/site\/wp-content\/uploads\/2023\/10\/image-51.png 765w, https:\/\/radiostudiow.com.br\/site\/wp-content\/uploads\/2023\/10\/image-51-300x186.png 300w\" sizes=\"auto, (max-width: 765px) 100vw, 765px\" \/><\/figure>\n","protected":false},"excerpt":{"rendered":"<p>Um carro de passeio ficou completamente destru\u00eddo e duas pessoas morreram ap\u00f3s um grave acidente com uma carreta na rodovia BR-153, h\u00e1 cerca de 8 quil\u00f4metros do per\u00edmetro urbano de General Carneiro por volta das 15:30 horas desse domingo (08). Segundo informa\u00e7\u00f5es obtidas pelo Portal Vvale, o casal que morreu no acidente morava em Ponte [&hellip;]<\/p>\n","protected":false},"author":2,"featured_media":15738,"comment_status":"open","ping_status":"open","sticky":false,"template":"","format":"standard","meta":{"footnotes":""},"categories":[185],"tags":[172],"class_list":["post-15737","post","type-post","status-publish","format-standard","has-post-thumbnail","hentry","category-regional","tag-featured"],"amp_enabled":true,"_links":{"self":[{"href":"https:\/\/radiostudiow.com.br\/site\/wp-json\/wp\/v2\/posts\/15737","targetHints":{"allow":["GET"]}}],"collection":[{"href":"https:\/\/radiostudiow.com.br\/site\/wp-json\/wp\/v2\/posts"}],"about":[{"href":"https:\/\/radiostudiow.com.br\/site\/wp-json\/wp\/v2\/types\/post"}],"author":[{"embeddable":true,"href":"https:\/\/radiostudiow.com.br\/site\/wp-json\/wp\/v2\/users\/2"}],"replies":[{"embeddable":true,"href":"https:\/\/radiostudiow.com.br\/site\/wp-json\/wp\/v2\/comments?post=15737"}],"version-history":[{"count":1,"href":"https:\/\/radiostudiow.com.br\/site\/wp-json\/wp\/v2\/posts\/15737\/revisions"}],"predecessor-version":[{"id":15740,"href":"https:\/\/radiostudiow.com.br\/site\/wp-json\/wp\/v2\/posts\/15737\/revisions\/15740"}],"wp:featuredmedia":[{"embeddable":true,"href":"https:\/\/radiostudiow.com.br\/site\/wp-json\/wp\/v2\/media\/15738"}],"wp:attachment":[{"href":"https:\/\/radiostudiow.com.br\/site\/wp-json\/wp\/v2\/media?parent=15737"}],"wp:term":[{"taxonomy":"category","embeddable":true,"href":"https:\/\/radiostudiow.com.br\/site\/wp-json\/wp\/v2\/categories?post=15737"},{"taxonomy":"post_tag","embeddable":true,"href":"https:\/\/radiostudiow.com.br\/site\/wp-json\/wp\/v2\/tags?post=15737"}],"curies":[{"name":"wp","href":"https:\/\/api.w.org\/{rel}","templated":true}]}}