{"id":15741,"date":"2023-10-09T09:59:54","date_gmt":"2023-10-09T12:59:54","guid":{"rendered":"https:\/\/radiostudiow.com.br\/site\/?p=15741"},"modified":"2025-01-31T15:06:26","modified_gmt":"2025-01-31T18:06:26","slug":"dnit-alerta-interdicao-total-na-br-153-e-br-476","status":"publish","type":"post","link":"https:\/\/radiostudiow.com.br\/site\/2023\/10\/09\/dnit-alerta-interdicao-total-na-br-153-e-br-476\/","title":{"rendered":"DNIT ALERTA! INTERDI\u00c7\u00c3O TOTAL NA BR-153 e BR-476"},"content":{"rendered":"\n<p>A Pol\u00edcia Rodovi\u00e1ria Federal (PRF) comunicou que precisou interditar o trecho da rodovia BR-476, no trevo de Paulo Frontin, at\u00e9 o trevo do Horizonte, devido \u00e0 queda da pista na BR-476, na altura do quil\u00f4metro 356, e tamb\u00e9m por conta de uma movimenta\u00e7\u00e3o de terra no quil\u00f4metro 460 da BR-153, na Serra do Le\u00e3o.<\/p>\n\n\n\n<figure class=\"wp-block-image size-large\"><img decoding=\"async\" src=\"https:\/\/radiostudiow.com.br\/site\/wp-content\/uploads\/2023\/05\/image-8-1024x392.png\" alt=\"\" class=\"wp-image-12937\"\/><\/figure>\n\n\n\n<p><em>O motorista deve procurar por rotas alternativas, pois n\u00e3o h\u00e1 data para libera\u00e7\u00e3o dos trechos.<\/em><\/p>\n\n\n\n<p>O Departamento Nacional de Infraestrutura de Transportes (DNIT) alerta para cinco pontos de bloqueios total ou parcial nas rodovias sob administra\u00e7\u00e3o da autarquia em decorr\u00eancia das chuvas que atingiram o estado do Paran\u00e1 neste domingo (8). Os trechos est\u00e3o sinalizados, alertando para as altera\u00e7\u00f5es no tr\u00e1fego.<\/p>\n\n\n\n<h2 class=\"wp-block-heading\">Confira os pontos interditados:<\/h2>\n\n\n\n<p><strong>BR-153\/PR<\/strong><\/p>\n\n\n\n<p>\u2013 km 344,5 (entre Irati e Rebou\u00e7as) \u2013 Interdi\u00e7\u00e3o parcial. Excesso de \u00e1gua pode ocasionar o rompimento do bueiro;<\/p>\n\n\n\n<p>\u2013 km 460 (entre Uni\u00e3o da Vit\u00f3ria e General Carneiro) \u2013 Interdi\u00e7\u00e3o total. Fechamento devido a deslizamento de encosta.<\/p>\n\n\n\n<p><strong>BR-277\/PR<\/strong><\/p>\n\n\n\n<p>\u2013 km 39 ao km 42 (entre S\u00e3o Jos\u00e9 dos Pinhais e Morretes) \u2013 Interdi\u00e7\u00e3o parcial devido ao solo saturado. Bloqueio preventivo para garantir a seguran\u00e7a do tr\u00e1fego.<\/p>\n\n\n\n<p><strong>BR 376\/PR<\/strong><\/p>\n\n\n\n<p>\u2013 km 493 (Ponta Grossa) \u2013Interdi\u00e7\u00e3o parcial. Transbordamento do rio Ronda. \u00c1gua sobre a pista da ponte.<\/p>\n\n\n\n<p><strong>BR-476\/PR<\/strong><\/p>\n\n\n\n<p>\u2013 km 356 (entre Uni\u00e3o da Vit\u00f3ria e Paula Freitas) \u2013 Interdi\u00e7\u00e3o total das pistas devido \u00e0 queda de barreira. Equipes do DNIT j\u00e1 est\u00e3o mobilizadas implantando sinaliza\u00e7\u00e3o no local para alertar sobre o bloqueio. T\u00e9cnicos da autarquia e da empresa respons\u00e1vel pela manuten\u00e7\u00e3o da rodovia seguem monitorando o trecho e verificando a possiblidade de implantar um desvio. No momento n\u00e3o h\u00e1 previs\u00e3o de libera\u00e7\u00e3o.<\/p>\n\n\n\n<p><em>Fonte: Vvale<\/em><\/p>\n","protected":false},"excerpt":{"rendered":"<p>A Pol\u00edcia Rodovi\u00e1ria Federal (PRF) comunicou que precisou interditar o trecho da rodovia BR-476, no trevo de Paulo Frontin, at\u00e9 o trevo do Horizonte, devido \u00e0 queda da pista na BR-476, na altura do quil\u00f4metro 356, e tamb\u00e9m por conta de uma movimenta\u00e7\u00e3o de terra no quil\u00f4metro 460 da BR-153, na Serra do Le\u00e3o. O [&hellip;]<\/p>\n","protected":false},"author":2,"featured_media":15742,"comment_status":"open","ping_status":"open","sticky":false,"template":"","format":"standard","meta":{"footnotes":""},"categories":[185],"tags":[172],"class_list":["post-15741","post","type-post","status-publish","format-standard","has-post-thumbnail","hentry","category-regional","tag-featured"],"amp_enabled":true,"_links":{"self":[{"href":"https:\/\/radiostudiow.com.br\/site\/wp-json\/wp\/v2\/posts\/15741","targetHints":{"allow":["GET"]}}],"collection":[{"href":"https:\/\/radiostudiow.com.br\/site\/wp-json\/wp\/v2\/posts"}],"about":[{"href":"https:\/\/radiostudiow.com.br\/site\/wp-json\/wp\/v2\/types\/post"}],"author":[{"embeddable":true,"href":"https:\/\/radiostudiow.com.br\/site\/wp-json\/wp\/v2\/users\/2"}],"replies":[{"embeddable":true,"href":"https:\/\/radiostudiow.com.br\/site\/wp-json\/wp\/v2\/comments?post=15741"}],"version-history":[{"count":1,"href":"https:\/\/radiostudiow.com.br\/site\/wp-json\/wp\/v2\/posts\/15741\/revisions"}],"predecessor-version":[{"id":15743,"href":"https:\/\/radiostudiow.com.br\/site\/wp-json\/wp\/v2\/posts\/15741\/revisions\/15743"}],"wp:featuredmedia":[{"embeddable":true,"href":"https:\/\/radiostudiow.com.br\/site\/wp-json\/wp\/v2\/media\/15742"}],"wp:attachment":[{"href":"https:\/\/radiostudiow.com.br\/site\/wp-json\/wp\/v2\/media?parent=15741"}],"wp:term":[{"taxonomy":"category","embeddable":true,"href":"https:\/\/radiostudiow.com.br\/site\/wp-json\/wp\/v2\/categories?post=15741"},{"taxonomy":"post_tag","embeddable":true,"href":"https:\/\/radiostudiow.com.br\/site\/wp-json\/wp\/v2\/tags?post=15741"}],"curies":[{"name":"wp","href":"https:\/\/api.w.org\/{rel}","templated":true}]}}