{"id":15744,"date":"2023-10-09T10:09:37","date_gmt":"2023-10-09T13:09:37","guid":{"rendered":"https:\/\/radiostudiow.com.br\/site\/?p=15744"},"modified":"2025-01-31T15:06:26","modified_gmt":"2025-01-31T18:06:26","slug":"corpo-de-bombeiros-do-parana-completa-111-anos-de-atuacao","status":"publish","type":"post","link":"https:\/\/radiostudiow.com.br\/site\/2023\/10\/09\/corpo-de-bombeiros-do-parana-completa-111-anos-de-atuacao\/","title":{"rendered":"CORPO DE BOMBEIROS DO PARAN\u00c1 &#8211; 111 ANOS DE ATUA\u00c7\u00c3O"},"content":{"rendered":"\n<p>O Corpo de Bombeiros Militar do Paran\u00e1 (CBMPR) completa 111 anos de presta\u00e7\u00e3o de servi\u00e7os ao povo paranaense neste domingo (8). A data comemorativa \u00e9 ainda mais especial por ser o primeiro anivers\u00e1rio da Corpora\u00e7\u00e3o como entidade aut\u00f4noma, tendo sido desvinculada da Pol\u00edcia Militar no final do ano passado. Uma mudan\u00e7a que valoriza ainda mais o ano especial vivido pela institui\u00e7\u00e3o, com investimento pesado em infraestrutura, tanto f\u00edsica quanto humana.<\/p>\n\n\n\n<figure class=\"wp-block-image size-large\"><img decoding=\"async\" src=\"https:\/\/radiostudiow.com.br\/site\/wp-content\/uploads\/2023\/10\/image-41-1024x390.png\" alt=\"\" class=\"wp-image-15703\"\/><\/figure>\n\n\n\n<p>\u201cO Corpo de Bombeiros do Paran\u00e1 \u00e9 uma refer\u00eancia nacional, que muito nos orgulha nesses 111 anos de exist\u00eancia\u201d, afirmou o governador Ratinho Junior. \u201c\u00c9 por isso que investimos tanto em sua infraestrutura e no seu efetivo: \u00e9 um reconhecimento pelo carinho com que a institui\u00e7\u00e3o cuida do povo paranaense e uma moderniza\u00e7\u00e3o necess\u00e1ria para que estejamos sempre preparados para responder aos desafios com agilidade e efici\u00eancia\u201d, continuou o chefe do Executivo paranaense.<\/p>\n\n\n\n<p><em>\u201cUma institui\u00e7\u00e3o respeitada, reconhecida e valorizada pelo estado do Paran\u00e1, esse \u00e9 o nosso Corpo de Bombeiros. Parabenizo o coronel Vasco e todos os oficiais e pra\u00e7as que nos fazem ter orgulho dessa institui\u00e7\u00e3o\u201d, disse o secret\u00e1rio da Seguran\u00e7a P\u00fablica do Paran\u00e1, Hudson Le\u00f4ncio Teixeira.\u00a0<\/em><\/p>\n\n\n\n<h2 class=\"wp-block-heading\"><strong>INVESTIMENTOS<\/strong><\/h2>\n\n\n\n<p>Com aportes milion\u00e1rios do Governo do Estado, foram inauguradas duas novas sedes do Corpo de Bombeiros em 2023 e outra est\u00e1 sendo conclu\u00edda. O maior quartel do estado foi entregue em Foz do Igua\u00e7u, no Oeste, com investimento de R$ 27,5 milh\u00f5es e \u00e1rea constru\u00edda de 5,8 mil m\u00b2. A benfeitoria facilita o atendimento \u00e0s cidades de Foz do Igua\u00e7u, Santa Terezinha de Itaipu, S\u00e3o Miguel do Igua\u00e7u, Medianeira, Itaipul\u00e2ndia, Ramil\u00e2ndia, Matel\u00e2ndia, Missal, Santa Helena, Serran\u00f3polis do Igua\u00e7u e Diamante d\u2019Oeste. Outra sede entregue foi a de Ivaipor\u00e3, no Norte Central, com \u00e1rea de 2 mil m\u00b2 e custo de R$ 8,5 milh\u00f5es.<\/p>\n\n\n\n<p>J\u00e1 o quartel do 7\u00ba Grupamento de Bombeiros, em Colombo, na Regi\u00e3o Metropolitana de Curitiba, est\u00e1 finalizado e em breve estar\u00e1 em funcionamento. Uma constru\u00e7\u00e3o que ocupa cerca de 1,5 mil m\u00b2, na qual foram aplicados R$ 5,6 milh\u00f5es, e que vai atender a outros cinco munic\u00edpios da Grande Curitiba: Bocai\u00fava do Sul, Campina Grande do Sul, Quatro Barras, Tunas do Paran\u00e1 e Adrian\u00f3polis.<\/p>\n\n\n\n<p>Al\u00e9m das novas sedes, foram entregues 95 viaturas do Siate para atendimento aos chamados atendimentos pr\u00e9-hospitalares. Esse socorro de emerg\u00eancias m\u00e9dicas \u00e9 uma das especialidades da Corpora\u00e7\u00e3o. Buscas, salvamentos, resgates \u2013 envolvendo humanos e animais \u2013, fiscaliza\u00e7\u00e3o de edifica\u00e7\u00f5es, atendimento em colis\u00f5es de ve\u00edculos e em desastres em geral s\u00e3o outras das atribui\u00e7\u00f5es da equipe.<\/p>\n\n\n\n<figure class=\"wp-block-image size-full\"><img decoding=\"async\" src=\"https:\/\/radiostudiow.com.br\/site\/wp-content\/uploads\/2023\/08\/image-127.png\" alt=\"\" class=\"wp-image-14660\"\/><\/figure>\n\n\n\n<p>Para o comandante-geral do CBMPR, coronel Manoel Vasco de Figueiredo Junior estar \u00e0 frente da corpora\u00e7\u00e3o neste momento hist\u00f3rico \u00e9 especial. <em>\u201cMuita coisa mudou nesses 111 anos, mas n\u00e3o a alma da Corpora\u00e7\u00e3o. Hoje, assim como ontem, e certamente como ser\u00e1 amanh\u00e3, n\u00f3s salvamos vidas. \u00c9 esse sentimento de estar presente nos momentos de necessidade que move cada bombeiro militar paranaense\u201d, acrescentou.<\/em><\/p>\n\n\n\n<p><em>\u201cTemos conosco homens e mulheres dedicados e capacitados, que merecem nosso aplauso. J\u00e1 somos da elite das for\u00e7as de seguran\u00e7a do pa\u00eds e isso s\u00f3 nos impulsiona a nos aprimorarmos cada vez mais\u201d, completou o comandante-geral.<\/em><\/p>\n\n\n\n<h2 class=\"wp-block-heading\"><strong>APERFEI\u00c7OAMENTO<\/strong><\/h2>\n\n\n\n<p>Estar preparado para responder de imediato \u00e0s ocorr\u00eancias exige comprometimento, mas tamb\u00e9m planejamento. \u00c9 o que se busca com o Curso de Aperfei\u00e7oamento de Oficiais, realizado anualmente, e que tem como principais objetivos debater os desafios da Corpora\u00e7\u00e3o e, ao mesmo tempo, preparar esses oficiais, que no futuro ser\u00e3o respons\u00e1veis pela gest\u00e3o do CBMPR. Outros cursos, especialmente os t\u00e9cnico-operacionais, s\u00e3o disponibilizados com frequ\u00eancia para assegurar a excel\u00eancia dos bombeiros paranaenses para enfrentar todo tipo de situa\u00e7\u00e3o.<\/p>\n\n\n\n<p>O efetivo \u00e9 outro ponto alto a se destacar nesse anivers\u00e1rio de 111 anos. Em maio, 419 bombeiros militares terminaram o curso de forma\u00e7\u00e3o, consolidando a maior contrata\u00e7\u00e3o ocorrida nos \u00faltimos dez anos, ap\u00f3s nove meses de treinamento em diversas cidades do estado. Al\u00e9m disso, novo concurso com 130 vagas para a institui\u00e7\u00e3o j\u00e1 est\u00e1 autorizado.<\/p>\n\n\n\n<figure class=\"wp-block-image size-full\"><img decoding=\"async\" src=\"https:\/\/radiostudiow.com.br\/site\/wp-content\/uploads\/2021\/02\/SICREDI.jpg\" alt=\"\" class=\"wp-image-682\"\/><\/figure>\n\n\n\n<h2 class=\"wp-block-heading\"><strong>CELEBRA\u00c7\u00d5ES<\/strong><\/h2>\n\n\n\n<p>Para celebrar o momento especial, a institui\u00e7\u00e3o ter\u00e1 eventos at\u00e9 dezembro. Parte das atividades ser\u00e1 aberta \u00e0 popula\u00e7\u00e3o e outra parte restrita ao p\u00fablico interno. Neste domingo (08), a entidade promove sua vers\u00e3o do Dia das Crian\u00e7as. Filhos e parentes de bombeiros militares s\u00e3o convidados para uma manh\u00e3 divertida, com atividades recreativas e lanches, tamb\u00e9m no Quartel do Comando-Geral.<\/p>\n\n\n\n<p>No dia 17 de outubro ser\u00e1 realizado o Caf\u00e9 com veteranos, no Quartel do Comando-Geral, em Curitiba. Momento de prestar defer\u00eancia a quem ajudou a construir a Corpora\u00e7\u00e3o. Nesta mesma data est\u00e1 prevista uma apresenta\u00e7\u00e3o t\u00e9cnica na Boca Maldita, \u00e0s 10h30. \u00c9 a forma de levar a Corpora\u00e7\u00e3o mais perto da sociedade, principal raz\u00e3o de sua exist\u00eancia.<\/p>\n\n\n\n<p>Sentimento de agradecimento que move outros dois eventos programados ainda para o m\u00eas de outubro: um culto no dia 22, na Comunidade Alcance, \u00e0s 19h30; e uma missa no dia 25, ao meio-dia, no Santu\u00e1rio Nossa Senhora do Guadalupe.<\/p>\n\n\n\n<p>Duas coisas n\u00e3o poderiam faltar para celebrar a for\u00e7a do Corpo de Bombeiros do Paran\u00e1: um evento esportivo e uma solenidade. O primeiro ser\u00e1 realizado em novembro, dia 25. \u00c9 a Corrida do Fogo, aberta a toda a comunidade, com in\u00edcio marcado para \u00e0s 21 horas no 1\u00ba Grupamento de Bombeiros, no bairro Port\u00e3o, em Curitiba. A segunda \u00e9 o Desfile C\u00edvico-Militar da Emancipa\u00e7\u00e3o, no Quartel do Comando-Geral, no dia 14 de dezembro, fechando as festas em alto n\u00edvel.<\/p>\n\n\n\n<p>Nem toda a programa\u00e7\u00e3o de anivers\u00e1rio do CBMPR, por\u00e9m, \u00e9 uma iniciativa da pr\u00f3pria institui\u00e7\u00e3o. No dia 10 de outubro, por exemplo, quem presta homenagem s\u00e3o os vereadores de Curitiba, em solenidade na C\u00e2mara Municipal de Curitiba, \u00e0s 19 horas. E em novembro, no dia 18, a Benefic\u00eancia Atl\u00e9tico-Recreativa e Cultural do Corpo de Bombeiros (BARCO) promove o Baile de 111 anos, no Graciosa Country Club.<\/p>\n","protected":false},"excerpt":{"rendered":"<p>O Corpo de Bombeiros Militar do Paran\u00e1 (CBMPR) completa 111 anos de presta\u00e7\u00e3o de servi\u00e7os ao povo paranaense neste domingo (8). A data comemorativa \u00e9 ainda mais especial por ser o primeiro anivers\u00e1rio da Corpora\u00e7\u00e3o como entidade aut\u00f4noma, tendo sido desvinculada da Pol\u00edcia Militar no final do ano passado. Uma mudan\u00e7a que valoriza ainda mais [&hellip;]<\/p>\n","protected":false},"author":2,"featured_media":15745,"comment_status":"open","ping_status":"open","sticky":false,"template":"","format":"standard","meta":{"footnotes":""},"categories":[7],"tags":[172],"class_list":["post-15744","post","type-post","status-publish","format-standard","has-post-thumbnail","hentry","category-geral","tag-featured"],"amp_enabled":true,"_links":{"self":[{"href":"https:\/\/radiostudiow.com.br\/site\/wp-json\/wp\/v2\/posts\/15744","targetHints":{"allow":["GET"]}}],"collection":[{"href":"https:\/\/radiostudiow.com.br\/site\/wp-json\/wp\/v2\/posts"}],"about":[{"href":"https:\/\/radiostudiow.com.br\/site\/wp-json\/wp\/v2\/types\/post"}],"author":[{"embeddable":true,"href":"https:\/\/radiostudiow.com.br\/site\/wp-json\/wp\/v2\/users\/2"}],"replies":[{"embeddable":true,"href":"https:\/\/radiostudiow.com.br\/site\/wp-json\/wp\/v2\/comments?post=15744"}],"version-history":[{"count":3,"href":"https:\/\/radiostudiow.com.br\/site\/wp-json\/wp\/v2\/posts\/15744\/revisions"}],"predecessor-version":[{"id":33546,"href":"https:\/\/radiostudiow.com.br\/site\/wp-json\/wp\/v2\/posts\/15744\/revisions\/33546"}],"wp:featuredmedia":[{"embeddable":true,"href":"https:\/\/radiostudiow.com.br\/site\/wp-json\/wp\/v2\/media\/15745"}],"wp:attachment":[{"href":"https:\/\/radiostudiow.com.br\/site\/wp-json\/wp\/v2\/media?parent=15744"}],"wp:term":[{"taxonomy":"category","embeddable":true,"href":"https:\/\/radiostudiow.com.br\/site\/wp-json\/wp\/v2\/categories?post=15744"},{"taxonomy":"post_tag","embeddable":true,"href":"https:\/\/radiostudiow.com.br\/site\/wp-json\/wp\/v2\/tags?post=15744"}],"curies":[{"name":"wp","href":"https:\/\/api.w.org\/{rel}","templated":true}]}}