{"id":15753,"date":"2023-10-09T19:52:45","date_gmt":"2023-10-09T22:52:45","guid":{"rendered":"https:\/\/radiostudiow.com.br\/site\/?p=15753"},"modified":"2025-01-31T15:06:26","modified_gmt":"2025-01-31T18:06:26","slug":"rio-iguacu-em-uniao-da-vitoria-ultrapassa-6-metros-estado-de-alerta","status":"publish","type":"post","link":"https:\/\/radiostudiow.com.br\/site\/2023\/10\/09\/rio-iguacu-em-uniao-da-vitoria-ultrapassa-6-metros-estado-de-alerta\/","title":{"rendered":"RIO IGUA\u00c7U EM UNI\u00c3O DA VIT\u00d3RIA ULTRAPASSA 6 METROS &#8211; ESTADO DE ALERTA"},"content":{"rendered":"\n<p>O Rio Igua\u00e7u em Uni\u00e3o da Vit\u00f3ria ultrapassou \u00e0s 10:00 horas desta segunda-feira, 09 de outubro, a marca de 6 metros. A situa\u00e7\u00e3o \u00e9 extremamente preocupante, uma vez que a chuva concentrada em toda a extens\u00e3o da bacia do Igua\u00e7u, desde a nascente em Curitiba dever\u00e1 elevar ainda mais o n\u00edvel da \u00e1gua.<\/p>\n\n\n\n<p>Conforme o sistema de monitoramento da situa\u00e7\u00e3o hidrol\u00f3gica da COPEL, o Rio Igua\u00e7u subiu um metro em 24 horas, com uma eleva\u00e7\u00e3o de 0,04 cent\u00edmetros por hora e estava marcando as 10 horas o n\u00edvel de 6,01 . A previs\u00e3o mesmo sem chuva \u00e9 que o n\u00edvel ultrapasse os 7 metros em menos de 48 horas.<\/p>\n\n\n\n<p>A Prefeitura que est\u00e1 com v\u00e1rias equipes prestando aux\u00edlio \u00e0s fam\u00edlias tinha previsto que o n\u00edvel estaria em 6,22 \u00e0s 19 horas. No entanto, essa previs\u00e3o ser\u00e1 alcan\u00e7ada possivelmente no meio da tarde.<\/p>\n\n\n\n<p>A previs\u00e3o tamb\u00e9m indica que a chuva deve atingir a regi\u00e3o novamente na pr\u00f3xima quinta-feira, dia 12, com 19mm. A previs\u00e3o tamb\u00e9m mostra chuva para a pr\u00f3xima semana.<\/p>\n\n\n\n<figure class=\"wp-block-image size-large\"><img decoding=\"async\" src=\"https:\/\/radiostudiow.com.br\/site\/wp-content\/uploads\/2023\/10\/image-41-1024x390.png\" alt=\"\" class=\"wp-image-15703\"\/><\/figure>\n\n\n\n<h2 class=\"wp-block-heading\">Balsa e acesso \u00e0 cachoeira em Porto Vit\u00f3ria s\u00e3o interditados<\/h2>\n\n\n\n<p>A Defesa Civil de Porto Vit\u00f3ria interditou a manh\u00e3 deste domingo, dia 08 de outubro, a balsa que liga Porto Vit\u00f3ria \u00e0 cidade de Cruz Machado. A cachoeira na entrada da cidade e uma estrada que d\u00e1 acesso a comunidade do Espingarda tamb\u00e9m foram interditadas.<\/p>\n\n\n\n<p>As medidas foram adotadas como forma de preven\u00e7\u00e3o em raz\u00e3o da cheia do Rio Igua\u00e7u que j\u00e1 saiu da caixa em alguns pontos, conforme o sistema de monitoramento hidrol\u00f3gico da Copel. A interdi\u00e7\u00e3o \u00e9 por tempo indeterminado.<\/p>\n\n\n\n<p>A Defesa Civil ainda orienta que turistas evitem visitar estes locais interditados, principalmente a cachoeira, uma vez que, existe risco iminente. O contato da Defesa Civil \u00e9 (42) 99826-9784 e est\u00e3o dispon\u00edveis 24 horas para atender emerg\u00eancias que venham a ocorrer no munic\u00edpio.<\/p>\n\n\n\n<figure class=\"wp-block-image size-full\"><img loading=\"lazy\" decoding=\"async\" width=\"500\" height=\"321\" src=\"https:\/\/radiostudiow.com.br\/site\/wp-content\/uploads\/2023\/10\/image-55.png\" alt=\"\" class=\"wp-image-15757\" srcset=\"https:\/\/radiostudiow.com.br\/site\/wp-content\/uploads\/2023\/10\/image-55.png 500w, https:\/\/radiostudiow.com.br\/site\/wp-content\/uploads\/2023\/10\/image-55-300x193.png 300w\" sizes=\"auto, (max-width: 500px) 100vw, 500px\" \/><\/figure>\n\n\n\n<figure class=\"wp-block-image size-full\"><img loading=\"lazy\" decoding=\"async\" width=\"500\" height=\"320\" src=\"https:\/\/radiostudiow.com.br\/site\/wp-content\/uploads\/2023\/10\/image-56.png\" alt=\"\" class=\"wp-image-15758\" srcset=\"https:\/\/radiostudiow.com.br\/site\/wp-content\/uploads\/2023\/10\/image-56.png 500w, https:\/\/radiostudiow.com.br\/site\/wp-content\/uploads\/2023\/10\/image-56-300x192.png 300w\" sizes=\"auto, (max-width: 500px) 100vw, 500px\" \/><\/figure>\n\n\n\n<figure class=\"wp-block-image size-full\"><img loading=\"lazy\" decoding=\"async\" width=\"500\" height=\"326\" src=\"https:\/\/radiostudiow.com.br\/site\/wp-content\/uploads\/2023\/10\/image-57.png\" alt=\"\" class=\"wp-image-15759\" srcset=\"https:\/\/radiostudiow.com.br\/site\/wp-content\/uploads\/2023\/10\/image-57.png 500w, https:\/\/radiostudiow.com.br\/site\/wp-content\/uploads\/2023\/10\/image-57-300x196.png 300w\" sizes=\"auto, (max-width: 500px) 100vw, 500px\" \/><\/figure>\n\n\n\n<figure class=\"wp-block-image size-full\"><img loading=\"lazy\" decoding=\"async\" width=\"500\" height=\"319\" src=\"https:\/\/radiostudiow.com.br\/site\/wp-content\/uploads\/2023\/10\/image-58.png\" alt=\"\" class=\"wp-image-15760\" srcset=\"https:\/\/radiostudiow.com.br\/site\/wp-content\/uploads\/2023\/10\/image-58.png 500w, https:\/\/radiostudiow.com.br\/site\/wp-content\/uploads\/2023\/10\/image-58-300x191.png 300w\" sizes=\"auto, (max-width: 500px) 100vw, 500px\" \/><\/figure>\n","protected":false},"excerpt":{"rendered":"<p>O Rio Igua\u00e7u em Uni\u00e3o da Vit\u00f3ria ultrapassou \u00e0s 10:00 horas desta segunda-feira, 09 de outubro, a marca de 6 metros. A situa\u00e7\u00e3o \u00e9 extremamente preocupante, uma vez que a chuva concentrada em toda a extens\u00e3o da bacia do Igua\u00e7u, desde a nascente em Curitiba dever\u00e1 elevar ainda mais o n\u00edvel da \u00e1gua. Conforme o [&hellip;]<\/p>\n","protected":false},"author":2,"featured_media":15754,"comment_status":"open","ping_status":"open","sticky":false,"template":"","format":"standard","meta":{"footnotes":""},"categories":[185],"tags":[172],"class_list":["post-15753","post","type-post","status-publish","format-standard","has-post-thumbnail","hentry","category-regional","tag-featured"],"amp_enabled":true,"_links":{"self":[{"href":"https:\/\/radiostudiow.com.br\/site\/wp-json\/wp\/v2\/posts\/15753","targetHints":{"allow":["GET"]}}],"collection":[{"href":"https:\/\/radiostudiow.com.br\/site\/wp-json\/wp\/v2\/posts"}],"about":[{"href":"https:\/\/radiostudiow.com.br\/site\/wp-json\/wp\/v2\/types\/post"}],"author":[{"embeddable":true,"href":"https:\/\/radiostudiow.com.br\/site\/wp-json\/wp\/v2\/users\/2"}],"replies":[{"embeddable":true,"href":"https:\/\/radiostudiow.com.br\/site\/wp-json\/wp\/v2\/comments?post=15753"}],"version-history":[{"count":4,"href":"https:\/\/radiostudiow.com.br\/site\/wp-json\/wp\/v2\/posts\/15753\/revisions"}],"predecessor-version":[{"id":15796,"href":"https:\/\/radiostudiow.com.br\/site\/wp-json\/wp\/v2\/posts\/15753\/revisions\/15796"}],"wp:featuredmedia":[{"embeddable":true,"href":"https:\/\/radiostudiow.com.br\/site\/wp-json\/wp\/v2\/media\/15754"}],"wp:attachment":[{"href":"https:\/\/radiostudiow.com.br\/site\/wp-json\/wp\/v2\/media?parent=15753"}],"wp:term":[{"taxonomy":"category","embeddable":true,"href":"https:\/\/radiostudiow.com.br\/site\/wp-json\/wp\/v2\/categories?post=15753"},{"taxonomy":"post_tag","embeddable":true,"href":"https:\/\/radiostudiow.com.br\/site\/wp-json\/wp\/v2\/tags?post=15753"}],"curies":[{"name":"wp","href":"https:\/\/api.w.org\/{rel}","templated":true}]}}