{"id":15799,"date":"2023-10-09T21:03:43","date_gmt":"2023-10-10T00:03:43","guid":{"rendered":"https:\/\/radiostudiow.com.br\/site\/?p=15799"},"modified":"2025-01-31T15:06:26","modified_gmt":"2025-01-31T18:06:26","slug":"nota-de-falecimento-lucimari-ferreira-ribeiro-aos-51-anos-estava-desaparecida-em-sao-mateus-do-sul","status":"publish","type":"post","link":"https:\/\/radiostudiow.com.br\/site\/2023\/10\/09\/nota-de-falecimento-lucimari-ferreira-ribeiro-aos-51-anos-estava-desaparecida-em-sao-mateus-do-sul\/","title":{"rendered":"NOTA DE FALECIMENTO: Lucimari Ferreira Ribeiro, aos 51 anos, estava desaparecida em S\u00e3o Mateus do Sul"},"content":{"rendered":"\n<p>Obitu\u00e1rio: Lucimari Ferreira Ribeiro faleceu quarta-feira (04), aos 51 anos de idade. (Lucimari Trabalhava na empresa Oral Unic e era conhecida carinhosamente por L\u00fa).<\/p>\n\n\n\n<figure class=\"wp-block-image size-full\"><img decoding=\"async\" src=\"https:\/\/radiostudiow.com.br\/site\/wp-content\/uploads\/2021\/02\/vem_ai.jpg\" alt=\"\" class=\"wp-image-667\"\/><\/figure>\n\n\n\n<p>N\u00e3o haver\u00e1 cerim\u00f4nia de despedida, mas aos amigos e familiares que decidirem prestar uma \u00faltima homenagem e acompanhar o cortejo, sepultamento ocorreu no cemit\u00e9rio de S\u00e3o Miguel da Roseira.<\/p>\n\n\n\n<p>Nesse momento de dor, a R\u00e1dio Studio W, solidariza-se com todos os familiares e amigos, e expressa as mais sinceras condol\u00eancias pela perda irrepar\u00e1vel.<\/p>\n","protected":false},"excerpt":{"rendered":"<p>Obitu\u00e1rio: Lucimari Ferreira Ribeiro faleceu quarta-feira (04), aos 51 anos de idade. (Lucimari Trabalhava na empresa Oral Unic e era conhecida carinhosamente por L\u00fa). N\u00e3o haver\u00e1 cerim\u00f4nia de despedida, mas aos amigos e familiares que decidirem prestar uma \u00faltima homenagem e acompanhar o cortejo, sepultamento ocorreu no cemit\u00e9rio de S\u00e3o Miguel da Roseira. Nesse momento [&hellip;]<\/p>\n","protected":false},"author":2,"featured_media":15800,"comment_status":"open","ping_status":"open","sticky":false,"template":"","format":"standard","meta":{"footnotes":""},"categories":[185],"tags":[172],"class_list":["post-15799","post","type-post","status-publish","format-standard","has-post-thumbnail","hentry","category-regional","tag-featured"],"amp_enabled":true,"_links":{"self":[{"href":"https:\/\/radiostudiow.com.br\/site\/wp-json\/wp\/v2\/posts\/15799","targetHints":{"allow":["GET"]}}],"collection":[{"href":"https:\/\/radiostudiow.com.br\/site\/wp-json\/wp\/v2\/posts"}],"about":[{"href":"https:\/\/radiostudiow.com.br\/site\/wp-json\/wp\/v2\/types\/post"}],"author":[{"embeddable":true,"href":"https:\/\/radiostudiow.com.br\/site\/wp-json\/wp\/v2\/users\/2"}],"replies":[{"embeddable":true,"href":"https:\/\/radiostudiow.com.br\/site\/wp-json\/wp\/v2\/comments?post=15799"}],"version-history":[{"count":1,"href":"https:\/\/radiostudiow.com.br\/site\/wp-json\/wp\/v2\/posts\/15799\/revisions"}],"predecessor-version":[{"id":15801,"href":"https:\/\/radiostudiow.com.br\/site\/wp-json\/wp\/v2\/posts\/15799\/revisions\/15801"}],"wp:featuredmedia":[{"embeddable":true,"href":"https:\/\/radiostudiow.com.br\/site\/wp-json\/wp\/v2\/media\/15800"}],"wp:attachment":[{"href":"https:\/\/radiostudiow.com.br\/site\/wp-json\/wp\/v2\/media?parent=15799"}],"wp:term":[{"taxonomy":"category","embeddable":true,"href":"https:\/\/radiostudiow.com.br\/site\/wp-json\/wp\/v2\/categories?post=15799"},{"taxonomy":"post_tag","embeddable":true,"href":"https:\/\/radiostudiow.com.br\/site\/wp-json\/wp\/v2\/tags?post=15799"}],"curies":[{"name":"wp","href":"https:\/\/api.w.org\/{rel}","templated":true}]}}