{"id":16027,"date":"2023-10-17T17:59:42","date_gmt":"2023-10-17T20:59:42","guid":{"rendered":"https:\/\/radiostudiow.com.br\/site\/?p=16027"},"modified":"2025-01-31T15:06:25","modified_gmt":"2025-01-31T18:06:25","slug":"estado-auxilia-nos-atendimentos-a-familias-ilhadas-em-sao-mateus-do-sul","status":"publish","type":"post","link":"https:\/\/radiostudiow.com.br\/site\/2023\/10\/17\/estado-auxilia-nos-atendimentos-a-familias-ilhadas-em-sao-mateus-do-sul\/","title":{"rendered":"ESTADO AUXILIA NOS ATENDIMENTOS A FAM\u00cdLIAS ILHADAS EM S\u00c3O MATEUS DO SUL"},"content":{"rendered":"\n<p>O Governo do Estado, por meio do Corpo de Bombeiros, est\u00e1 atendendo as fam\u00edlias afetadas pelas fortes chuvas em S\u00e3o Mateus do Sul (Sul do Estado). Equipes com embarca\u00e7\u00f5es visitaram \u00e1reas inundadas do munic\u00edpio nesta ter\u00e7a-feira (17) avaliando os estragos nas casas e entregando mantimentos aos moradores.<\/p>\n\n\n\n<figure class=\"wp-block-image size-full\"><img decoding=\"async\" src=\"https:\/\/radiostudiow.com.br\/site\/wp-content\/uploads\/2022\/03\/240387432_2992083691066122_4820772207429196742_n.jpg\" alt=\"\" class=\"wp-image-6405\"\/><\/figure>\n\n\n\n<p>A atua\u00e7\u00e3o dos bombeiros e das demais equipes estaduais faz parte da s\u00e9rie de a\u00e7\u00f5es do Estado que foram expostas pelo governador Carlos Massa Ratinho Junior em sua visita a Bras\u00edlia nesta ter\u00e7a-feira. Ele esteve no Minist\u00e9rio da Integra\u00e7\u00e3o e Desenvolvimento Regional\u00a0<strong><a rel=\"noreferrer noopener\" href=\"https:\/\/www.aen.pr.gov.br\/Noticia\/Governo-destina-R-1-milhao-para-acolher-desabrigados-pelas-chuvas-em-hoteis-e-pousadas\" target=\"_blank\">em busca de recursos<\/a><\/strong>\u00a0para ampliar o atendimento \u00e0 popula\u00e7\u00e3o.<\/p>\n\n\n\n<p>Desde o dia 12 de outubro, quando as chu<em>vas se intensificaram em S\u00e3o Mateus do Sul e cerca de 220 fam\u00edlias ficaram ilhadas por causa da eleva\u00e7\u00e3o do n\u00edvel do Rio Igua\u00e7u,<\/em>&nbsp;os bombeiros t\u00eam ajudado equipes da Defesa Civil e da prefeitura a acessarem as regi\u00f5es mais afetadas. A medida garante distribui\u00e7\u00e3o de alimentos, \u00e1gua, rem\u00e9dios, kits de higiene, limpeza e necessidades b\u00e1sicas.<\/p>\n\n\n\n<figure class=\"wp-block-image size-full\"><img loading=\"lazy\" decoding=\"async\" width=\"1024\" height=\"683\" src=\"https:\/\/radiostudiow.com.br\/site\/wp-content\/uploads\/2023\/10\/image-105.png\" alt=\"\" class=\"wp-image-16029\" srcset=\"https:\/\/radiostudiow.com.br\/site\/wp-content\/uploads\/2023\/10\/image-105.png 1024w, https:\/\/radiostudiow.com.br\/site\/wp-content\/uploads\/2023\/10\/image-105-300x200.png 300w, https:\/\/radiostudiow.com.br\/site\/wp-content\/uploads\/2023\/10\/image-105-768x512.png 768w\" sizes=\"auto, (max-width: 1024px) 100vw, 1024px\" \/><figcaption class=\"wp-element-caption\"><em>\u00a0Foto Gilson Abreu\/AEN<\/em><\/figcaption><\/figure>\n\n\n\n<p>Para atender as fam\u00edlias da cidade, a Coordenadoria Estadual da Defesa Civil enviou nesta ter\u00e7a-feira cerca de 4 toneladas de alimentos fornecidos pela Ceasa, al\u00e9m de 130 colch\u00f5es, 150 kits de limpeza e 150 kits de higiene. Al\u00e9m disso, est\u00e3o sendo entregues milhares de mantimentos, alimentos e roupas arrecadados pela administra\u00e7\u00e3o municipal.<\/p>\n\n\n\n<figure class=\"wp-block-image size-full\"><img loading=\"lazy\" decoding=\"async\" width=\"1024\" height=\"683\" src=\"https:\/\/radiostudiow.com.br\/site\/wp-content\/uploads\/2023\/10\/image-106.png\" alt=\"\" class=\"wp-image-16030\" srcset=\"https:\/\/radiostudiow.com.br\/site\/wp-content\/uploads\/2023\/10\/image-106.png 1024w, https:\/\/radiostudiow.com.br\/site\/wp-content\/uploads\/2023\/10\/image-106-300x200.png 300w, https:\/\/radiostudiow.com.br\/site\/wp-content\/uploads\/2023\/10\/image-106-768x512.png 768w\" sizes=\"auto, (max-width: 1024px) 100vw, 1024px\" \/><figcaption class=\"wp-element-caption\"><em>\u00a0Foto Gilson Abreu\/AEN<\/em><\/figcaption><\/figure>\n\n\n\n<figure class=\"wp-block-image size-full\"><img decoding=\"async\" src=\"https:\/\/radiostudiow.com.br\/site\/wp-content\/uploads\/2022\/06\/WRNET.jpg\" alt=\"\" class=\"wp-image-7827\"\/><\/figure>\n\n\n\n<p>Os bombeiros tamb\u00e9m t\u00eam trabalhado na remo\u00e7\u00e3o das pessoas das casas alagadas ou danificadas pelas tempestades e que precisam de abrigo.<\/p>\n\n\n\n<blockquote class=\"wp-block-quote is-layout-flow wp-block-quote-is-layout-flow\">\n<p>\u201cEstamos atuando na remo\u00e7\u00e3o destas pessoas quando \u00e9 necess\u00e1rio o uso de embarca\u00e7\u00f5es e tamb\u00e9m na entrega de \u00e1gua e cestas b\u00e1sicas a estes moradores ilhados, principalmente das \u00e1reas rurais do munic\u00edpio\u201d, afirmou o comandante do 10\u00b0 Subgrupamento do Corpo de Bombeiros de S\u00e3o Mateus do Sul, tenente Murilo Maltaca.<\/p>\n<\/blockquote>\n\n\n\n<p>Para intensificar os atendimentos, a corpora\u00e7\u00e3o deslocou uma equipe de Ponta Grossa para atuar no apoio aos bombeiros de S\u00e3o Mateus do Sul.<\/p>\n\n\n\n<p>Na \u00e1rea urbana da cidade, as regi\u00f5es mais afetadas, que precisam ser acessadas com as embarca\u00e7\u00f5es dos bombeiros, s\u00e3o os bairros Vila Amaral, Usina Velha e Jardim Dona Arminia. Nas \u00e1reas rurais, onde residem cerca de um ter\u00e7o dos 42 mil moradores do munic\u00edpio, as comunidades de Potinga, Manduri e Turvo foram as mais afetadas.<\/p>\n\n\n\n<figure class=\"wp-block-image size-full\"><img loading=\"lazy\" decoding=\"async\" width=\"1024\" height=\"683\" src=\"https:\/\/radiostudiow.com.br\/site\/wp-content\/uploads\/2023\/10\/image-107.png\" alt=\"\" class=\"wp-image-16031\" srcset=\"https:\/\/radiostudiow.com.br\/site\/wp-content\/uploads\/2023\/10\/image-107.png 1024w, https:\/\/radiostudiow.com.br\/site\/wp-content\/uploads\/2023\/10\/image-107-300x200.png 300w, https:\/\/radiostudiow.com.br\/site\/wp-content\/uploads\/2023\/10\/image-107-768x512.png 768w\" sizes=\"auto, (max-width: 1024px) 100vw, 1024px\" \/><figcaption class=\"wp-element-caption\"><em>Foto Gilson Abreu\/AEN<\/em><\/figcaption><\/figure>\n","protected":false},"excerpt":{"rendered":"<p>O Governo do Estado, por meio do Corpo de Bombeiros, est\u00e1 atendendo as fam\u00edlias afetadas pelas fortes chuvas em S\u00e3o Mateus do Sul (Sul do Estado). Equipes com embarca\u00e7\u00f5es visitaram \u00e1reas inundadas do munic\u00edpio nesta ter\u00e7a-feira (17) avaliando os estragos nas casas e entregando mantimentos aos moradores. A atua\u00e7\u00e3o dos bombeiros e das demais equipes [&hellip;]<\/p>\n","protected":false},"author":2,"featured_media":16028,"comment_status":"open","ping_status":"open","sticky":false,"template":"","format":"standard","meta":{"footnotes":""},"categories":[185],"tags":[172],"class_list":["post-16027","post","type-post","status-publish","format-standard","has-post-thumbnail","hentry","category-regional","tag-featured"],"amp_enabled":true,"_links":{"self":[{"href":"https:\/\/radiostudiow.com.br\/site\/wp-json\/wp\/v2\/posts\/16027","targetHints":{"allow":["GET"]}}],"collection":[{"href":"https:\/\/radiostudiow.com.br\/site\/wp-json\/wp\/v2\/posts"}],"about":[{"href":"https:\/\/radiostudiow.com.br\/site\/wp-json\/wp\/v2\/types\/post"}],"author":[{"embeddable":true,"href":"https:\/\/radiostudiow.com.br\/site\/wp-json\/wp\/v2\/users\/2"}],"replies":[{"embeddable":true,"href":"https:\/\/radiostudiow.com.br\/site\/wp-json\/wp\/v2\/comments?post=16027"}],"version-history":[{"count":3,"href":"https:\/\/radiostudiow.com.br\/site\/wp-json\/wp\/v2\/posts\/16027\/revisions"}],"predecessor-version":[{"id":33539,"href":"https:\/\/radiostudiow.com.br\/site\/wp-json\/wp\/v2\/posts\/16027\/revisions\/33539"}],"wp:featuredmedia":[{"embeddable":true,"href":"https:\/\/radiostudiow.com.br\/site\/wp-json\/wp\/v2\/media\/16028"}],"wp:attachment":[{"href":"https:\/\/radiostudiow.com.br\/site\/wp-json\/wp\/v2\/media?parent=16027"}],"wp:term":[{"taxonomy":"category","embeddable":true,"href":"https:\/\/radiostudiow.com.br\/site\/wp-json\/wp\/v2\/categories?post=16027"},{"taxonomy":"post_tag","embeddable":true,"href":"https:\/\/radiostudiow.com.br\/site\/wp-json\/wp\/v2\/tags?post=16027"}],"curies":[{"name":"wp","href":"https:\/\/api.w.org\/{rel}","templated":true}]}}