{"id":16036,"date":"2023-10-18T10:11:27","date_gmt":"2023-10-18T13:11:27","guid":{"rendered":"https:\/\/radiostudiow.com.br\/site\/?p=16036"},"modified":"2025-01-31T15:06:25","modified_gmt":"2025-01-31T18:06:25","slug":"dnit-encaminha-edital-obras-de-recupercao-da-br-476-devem-iniciar-nesse-sabado-21","status":"publish","type":"post","link":"https:\/\/radiostudiow.com.br\/site\/2023\/10\/18\/dnit-encaminha-edital-obras-de-recupercao-da-br-476-devem-iniciar-nesse-sabado-21\/","title":{"rendered":"DNIT ENCAMINHA EDITAL, OBRAS DE RECUPER\u00c7\u00c3O DA BR-476 DEVEM INICIAR NESSE S\u00c1BADO (21)"},"content":{"rendered":"\n<p>O deputado estadual e L\u00edder do Governo Ratinho Junior na Assembleia Legislativa, deputado Hussein Bakri, anunciou que o DNIT prev\u00ea o in\u00edcio da recupera\u00e7\u00e3o da BR-476 em Uni\u00e3o da Vit\u00f3ria para o pr\u00f3ximo s\u00e1bado (21).<\/p>\n\n\n\n<figure class=\"wp-block-image size-full\"><img decoding=\"async\" src=\"https:\/\/radiostudiow.com.br\/site\/wp-content\/uploads\/2023\/08\/image-125.png\" alt=\"\" class=\"wp-image-14658\"\/><\/figure>\n\n\n\n<p>O edital dever\u00e1 ser lan\u00e7ado emergencialmente nesta quarta-feira (18), aberto na quinta (19), com a assinatura da ordem de servi\u00e7o na sexta (20) e o in\u00edcio das obras j\u00e1 no s\u00e1bado.<\/p>\n\n\n\n<p>A medida, que mobilizou Hussein Bakri com diversas lideran\u00e7as pol\u00edticas do PT junto ao Governo Federal, \u00e9 uma resposta r\u00e1pida aos preju\u00edzos ocasionados pelas fortes chuvas que atingem a regi\u00e3o Sul, que provocaram a queda de parte da rodovia pr\u00f3ximo ao trevo de acesso \u00e0 cidade.<\/p>\n\n\n\n<blockquote class=\"wp-block-quote is-layout-flow wp-block-quote-is-layout-flow\">\n<p>\u201cObviamente, o edital segue todos os procedimentos cab\u00edveis e a expectativa \u00e9 que n\u00e3o ocorra nenhum entrave jur\u00eddico que possa interferir no in\u00edcio desta obra de extrema import\u00e2ncia neste momento\u201d, ressaltou o parlamentar.<\/p>\n<\/blockquote>\n","protected":false},"excerpt":{"rendered":"<p>O deputado estadual e L\u00edder do Governo Ratinho Junior na Assembleia Legislativa, deputado Hussein Bakri, anunciou que o DNIT prev\u00ea o in\u00edcio da recupera\u00e7\u00e3o da BR-476 em Uni\u00e3o da Vit\u00f3ria para o pr\u00f3ximo s\u00e1bado (21). O edital dever\u00e1 ser lan\u00e7ado emergencialmente nesta quarta-feira (18), aberto na quinta (19), com a assinatura da ordem de servi\u00e7o [&hellip;]<\/p>\n","protected":false},"author":2,"featured_media":16037,"comment_status":"open","ping_status":"open","sticky":false,"template":"","format":"standard","meta":{"footnotes":""},"categories":[185],"tags":[172],"class_list":["post-16036","post","type-post","status-publish","format-standard","has-post-thumbnail","hentry","category-regional","tag-featured"],"amp_enabled":true,"_links":{"self":[{"href":"https:\/\/radiostudiow.com.br\/site\/wp-json\/wp\/v2\/posts\/16036","targetHints":{"allow":["GET"]}}],"collection":[{"href":"https:\/\/radiostudiow.com.br\/site\/wp-json\/wp\/v2\/posts"}],"about":[{"href":"https:\/\/radiostudiow.com.br\/site\/wp-json\/wp\/v2\/types\/post"}],"author":[{"embeddable":true,"href":"https:\/\/radiostudiow.com.br\/site\/wp-json\/wp\/v2\/users\/2"}],"replies":[{"embeddable":true,"href":"https:\/\/radiostudiow.com.br\/site\/wp-json\/wp\/v2\/comments?post=16036"}],"version-history":[{"count":2,"href":"https:\/\/radiostudiow.com.br\/site\/wp-json\/wp\/v2\/posts\/16036\/revisions"}],"predecessor-version":[{"id":16042,"href":"https:\/\/radiostudiow.com.br\/site\/wp-json\/wp\/v2\/posts\/16036\/revisions\/16042"}],"wp:featuredmedia":[{"embeddable":true,"href":"https:\/\/radiostudiow.com.br\/site\/wp-json\/wp\/v2\/media\/16037"}],"wp:attachment":[{"href":"https:\/\/radiostudiow.com.br\/site\/wp-json\/wp\/v2\/media?parent=16036"}],"wp:term":[{"taxonomy":"category","embeddable":true,"href":"https:\/\/radiostudiow.com.br\/site\/wp-json\/wp\/v2\/categories?post=16036"},{"taxonomy":"post_tag","embeddable":true,"href":"https:\/\/radiostudiow.com.br\/site\/wp-json\/wp\/v2\/tags?post=16036"}],"curies":[{"name":"wp","href":"https:\/\/api.w.org\/{rel}","templated":true}]}}