{"id":16039,"date":"2023-10-18T10:05:44","date_gmt":"2023-10-18T13:05:44","guid":{"rendered":"https:\/\/radiostudiow.com.br\/site\/?p=16039"},"modified":"2025-01-31T15:06:25","modified_gmt":"2025-01-31T18:06:25","slug":"nivel-do-rio-iguacu-chega-a-8-metros-em-uniao-da-vitoria-com-2-148-pessoas-afetadas","status":"publish","type":"post","link":"https:\/\/radiostudiow.com.br\/site\/2023\/10\/18\/nivel-do-rio-iguacu-chega-a-8-metros-em-uniao-da-vitoria-com-2-148-pessoas-afetadas\/","title":{"rendered":"N\u00cdVEL DO RIO IGUA\u00c7U CHEGA A 8 METROS EM UNI\u00c3O DA VIT\u00d3RIA COM 2.148 PESSOAS AFETADAS"},"content":{"rendered":"\n<p>O n\u00edvel do Rio Igua\u00e7u em Uni\u00e3o da Vit\u00f3ria&nbsp;<strong>chegou a 8 metros na noite desta ter\u00e7a-feira (17)<\/strong>, na aferi\u00e7\u00e3o realizada por volta de 21h, pelo Sistema Hidrol\u00f3gico da Copel. Entre a tarde e noite desta ter\u00e7a, o Rio Igua\u00e7u subiu em Uni\u00e3o da Vit\u00f3ria uma m\u00e9dia de 1 cm por hora. \u00c0s 21h atingiu 8m na r\u00e9gua.<\/p>\n\n\n\n<figure class=\"wp-block-image size-full\"><img decoding=\"async\" src=\"https:\/\/radiostudiow.com.br\/site\/wp-content\/uploads\/2022\/08\/image.png\" alt=\"\" class=\"wp-image-8498\"\/><\/figure>\n\n\n\n<p>At\u00e9 o momento&nbsp;<strong>835 fam\u00edlias foram afetadas pela cheia do Rio Igua\u00e7u, o que corresponde&nbsp;a 2.148 pessoas<\/strong>. Somente nesta ter\u00e7a-feira,&nbsp;<strong>foram atendidas 108 pessoas pela prefeitura de Uni\u00e3o da Vit\u00f3ria, totalizando 43 fam\u00edlias<\/strong>.&nbsp;<strong>Em abrigos municipais est\u00e3o 710 pessoas<\/strong>&nbsp;(219 fam\u00edlias), destas 171 s\u00e3o crian\u00e7as, 95 adolescentes, 396 adultos e 69 idosos.<\/p>\n\n\n\n<p>Conforme o sistema, o rio Igua\u00e7u subiu 24 cent\u00edmetros nas \u00faltimas 24 horas. A cidade foi atingida por um forte temporal na madrugada que contribuiu para essa eleva\u00e7\u00e3o.<\/p>\n\n\n\n<p>Com o atual cen\u00e1rio, o n\u00edvel da r\u00e9gua que marca o rio Igua\u00e7u\u00a0<strong>est\u00e1 pr\u00f3ximo de bater os n\u00fameros registrados na enchente de 2014<\/strong>.<\/p>\n\n\n\n<figure class=\"wp-block-image size-full\"><img decoding=\"async\" src=\"https:\/\/radiostudiow.com.br\/site\/wp-content\/uploads\/2023\/08\/image-127.png\" alt=\"\" class=\"wp-image-14660\"\/><\/figure>\n\n\n\n<h2 class=\"wp-block-heading\"><strong>Confira abaixo os abrigos montados:<\/strong><\/h2>\n\n\n\n<p>RELAT\u00d3RIO ATENDIMENTOS CHEIA DO IGUA\u00c7U 2023 \u2013 17\/10\/2023 \u2013 18 HORAS<br>COTA RIO IGUA\u00c7U: 747,576 \u2013 N\u00cdVEL NA R\u00c9GUA: 8,005<\/p>\n\n\n\n<p>TOTAL DE FAM\u00cdLIAS ATENDIDAS: 835<br>TOTAL DE PESSOAS ATENDIDAS: 2148<\/p>\n\n\n\n<p>ATENDIMENTOS 17\/10\/2023<br>TOTAL DE FAM\u00cdLIAS: 43<br>TOTAL DE PESSOAS: 108<\/p>\n\n\n\n<p>ABRIGOS<br>TOTAL DE FAM\u00cdLIAS EM ABRIGOS: 219<br>TOTAL DE PESSOAS EM ABRIGOS: 710<br>TOTAL DE CRIAN\u00c7AS: 171<br>TOTAL DE ADOLESCENTES: 95<br>TOTAL DE ADULTOS: 396<br>TOTAL DE IDOSOS: 69<\/p>\n\n\n\n<p>GIN\u00c1SIO MUNICIPAL BENEDITO ALBINO \u2013 S\u00c3O CRIST\u00d3V\u00c3O<br>FAM\u00cdLIAS: 27<br>TOTAL DE PESSOAS: 88<\/p>\n\n\n\n<p>GIN\u00c1SIO MUNICIPAL ORLEI OTTO \u2013 JO\u00c3O PAULO II<br>FAM\u00cdLIAS: 19<br>TOTAL DE PESSOAS: 63<\/p>\n\n\n\n<p>PAVILH\u00c3O IGREJA DO BAIRRO ROCIO<br>FAM\u00cdLIAS: 23<br>TOTAL DE PESSOAS: 75<\/p>\n\n\n\n<p>GIN\u00c1SIO ESCOLA MUNICIPAL DIDIO AUGUSTO<br>FAM\u00cdLIAS: 20<br>TOTAL DE PESSOAS: 66<\/p>\n\n\n\n<p>CENTRO COMUNIT\u00c1RIO BAIRRO S\u00c3O JOAQUIM<br>FAM\u00cdLIAS: 2<br>TOTAL DE PESSOAS: 8<\/p>\n\n\n\n<p>CENTRO COMUNIT\u00c1RIO RIO D\u2019AREIA<br>FAM\u00cdLIAS: 9<br>TOTAL DE PESSOAS: 35<\/p>\n\n\n\n<p>EST\u00c1DIO MUNICIPAL ANTIOCHO PEREIRA<br>FAM\u00cdLIAS: 17<br>TOTAL DE PESSOAS: 60<\/p>\n\n\n\n<p>CENTRO COMUNIT\u00c1RIO LAGOA DOURADA<br>FAM\u00cdLIAS: 1<br>TOTAL DE PESSOAS: 6<\/p>\n\n\n\n<p>CENTRO COMUNIT\u00c1RIO CIDADE JARDIM<br>FAM\u00cdLIAS: 5<br>TOTAL DE PESSOAS: 18<\/p>\n\n\n\n<p>GIN\u00c1SIO COL\u00c9GIO PEDRO STELMACHUK<br>FAM\u00cdLIAS: 13<br>TOTAL DE PESSOAS: 35<\/p>\n\n\n\n<p>GIN\u00c1SIO COL\u00c9GIO NEUSA DOMIT<br>FAM\u00cdLIAS: 22<br>TOTAL DE PESSOAS: 75<\/p>\n\n\n\n<p>ESCOLA DAVID CARNEIRO<br>FAM\u00cdLIAS: 7<br>TOTAL DE PESSOAS: 23<\/p>\n\n\n\n<p>CENTRO COMUNIT\u00c1RIO S\u00c3O SEBASTI\u00c3O<br>FAM\u00cdLIAS: 5<br>TOTAL DE PESSOAS: 12<\/p>\n\n\n\n<p>PAVILH\u00c3O IGREJA UCRANIANA<br>FAM\u00cdLIAS: 16<br>TOTAL DE PESSOAS: 52<\/p>\n\n\n\n<p>COL\u00c9GIO ANTONIETA MONTANARI<br>FAM\u00cdLIAS: 12<br>TOTAL DE PESSOAS: 36<\/p>\n\n\n\n<p>ABRIGO FREI JESUS<br>FAM\u00cdLIAS: 3<br>TOTAL DE PESSOAS: 8<\/p>\n\n\n\n<p>CENTRO COMUNIT\u00c1RIO BENTO MUNHOZ<br>FAM\u00cdLIAS: 2<br>TOTAL DE PESSOAS: 9<\/p>\n\n\n\n<p>CASA DE FORMA\u00c7\u00c3O<br>FAM\u00cdLIAS: 6<br>TOTAL DE PESSOAS: 20<\/p>\n\n\n\n<p>HOTEL<br>FAM\u00cdLIAS: 10<br>PESSOAS: 21<\/p>\n\n\n\n<p>PESSOAS QUE SAIRAM DOS ABRIGOS (CASA DE PARENTES)<br>FAM\u00cdLIAS: 9<br>PESSOAS: 29<\/p>\n\n\n\n<p><strong><em>Com informa\u00e7\u00f5es VVale, Canal 4 TV e Portal da Cidade<\/em><\/strong><\/p>\n","protected":false},"excerpt":{"rendered":"<p>O n\u00edvel do Rio Igua\u00e7u em Uni\u00e3o da Vit\u00f3ria&nbsp;chegou a 8 metros na noite desta ter\u00e7a-feira (17), na aferi\u00e7\u00e3o realizada por volta de 21h, pelo Sistema Hidrol\u00f3gico da Copel. Entre a tarde e noite desta ter\u00e7a, o Rio Igua\u00e7u subiu em Uni\u00e3o da Vit\u00f3ria uma m\u00e9dia de 1 cm por hora. \u00c0s 21h atingiu 8m [&hellip;]<\/p>\n","protected":false},"author":2,"featured_media":16040,"comment_status":"open","ping_status":"open","sticky":false,"template":"","format":"standard","meta":{"footnotes":""},"categories":[185],"tags":[172],"class_list":["post-16039","post","type-post","status-publish","format-standard","has-post-thumbnail","hentry","category-regional","tag-featured"],"amp_enabled":true,"_links":{"self":[{"href":"https:\/\/radiostudiow.com.br\/site\/wp-json\/wp\/v2\/posts\/16039","targetHints":{"allow":["GET"]}}],"collection":[{"href":"https:\/\/radiostudiow.com.br\/site\/wp-json\/wp\/v2\/posts"}],"about":[{"href":"https:\/\/radiostudiow.com.br\/site\/wp-json\/wp\/v2\/types\/post"}],"author":[{"embeddable":true,"href":"https:\/\/radiostudiow.com.br\/site\/wp-json\/wp\/v2\/users\/2"}],"replies":[{"embeddable":true,"href":"https:\/\/radiostudiow.com.br\/site\/wp-json\/wp\/v2\/comments?post=16039"}],"version-history":[{"count":1,"href":"https:\/\/radiostudiow.com.br\/site\/wp-json\/wp\/v2\/posts\/16039\/revisions"}],"predecessor-version":[{"id":16041,"href":"https:\/\/radiostudiow.com.br\/site\/wp-json\/wp\/v2\/posts\/16039\/revisions\/16041"}],"wp:featuredmedia":[{"embeddable":true,"href":"https:\/\/radiostudiow.com.br\/site\/wp-json\/wp\/v2\/media\/16040"}],"wp:attachment":[{"href":"https:\/\/radiostudiow.com.br\/site\/wp-json\/wp\/v2\/media?parent=16039"}],"wp:term":[{"taxonomy":"category","embeddable":true,"href":"https:\/\/radiostudiow.com.br\/site\/wp-json\/wp\/v2\/categories?post=16039"},{"taxonomy":"post_tag","embeddable":true,"href":"https:\/\/radiostudiow.com.br\/site\/wp-json\/wp\/v2\/tags?post=16039"}],"curies":[{"name":"wp","href":"https:\/\/api.w.org\/{rel}","templated":true}]}}