{"id":16073,"date":"2023-10-19T09:48:55","date_gmt":"2023-10-19T12:48:55","guid":{"rendered":"https:\/\/radiostudiow.com.br\/site\/?p=16073"},"modified":"2025-01-31T15:06:24","modified_gmt":"2025-01-31T18:06:24","slug":"bombeiros-e-prf-atendem-acidente-na-br-476-regiao-do-limoeiro","status":"publish","type":"post","link":"https:\/\/radiostudiow.com.br\/site\/2023\/10\/19\/bombeiros-e-prf-atendem-acidente-na-br-476-regiao-do-limoeiro\/","title":{"rendered":"BOMBEIROS E PRF ATENDEM ACIDENTE NA BR-476 REGI\u00c3O DO LIMOEIRO"},"content":{"rendered":"\n<figure class=\"wp-block-image size-full\"><img decoding=\"async\" src=\"https:\/\/radiostudiow.com.br\/site\/wp-content\/uploads\/2021\/02\/SICREDI.jpg\" alt=\"\" class=\"wp-image-682\"\/><\/figure>\n\n\n\n<p>O Corpo de Bombeiros de S\u00e3o Mateus do Sul foi acionado por volta das 07:45 horas dessa quinta-feira, 19 de outubro, para atender um acidente na Rodovia do Xisto BR 476, regi\u00e3o do Limoeiro.<\/p>\n\n\n\n<p>No local foi prestado atendimento para o motorista do caminh\u00e3o que estava preso nas ferragens ap\u00f3s o caminh\u00e3o sair fora da pista. A PRF tamb\u00e9m esta no local prestando atendimento.<\/p>\n\n\n\n<figure class=\"wp-block-image size-large\"><img loading=\"lazy\" decoding=\"async\" width=\"1024\" height=\"1024\" src=\"https:\/\/radiostudiow.com.br\/site\/wp-content\/uploads\/2023\/10\/393306783_710391081125893_5183212299578887324_n-1024x1024.jpg\" alt=\"\" class=\"wp-image-16075\" srcset=\"https:\/\/radiostudiow.com.br\/site\/wp-content\/uploads\/2023\/10\/393306783_710391081125893_5183212299578887324_n-1024x1024.jpg 1024w, https:\/\/radiostudiow.com.br\/site\/wp-content\/uploads\/2023\/10\/393306783_710391081125893_5183212299578887324_n-300x300.jpg 300w, https:\/\/radiostudiow.com.br\/site\/wp-content\/uploads\/2023\/10\/393306783_710391081125893_5183212299578887324_n-768x768.jpg 768w, https:\/\/radiostudiow.com.br\/site\/wp-content\/uploads\/2023\/10\/393306783_710391081125893_5183212299578887324_n-80x80.jpg 80w, https:\/\/radiostudiow.com.br\/site\/wp-content\/uploads\/2023\/10\/393306783_710391081125893_5183212299578887324_n.jpg 1080w\" sizes=\"auto, (max-width: 1024px) 100vw, 1024px\" \/><\/figure>\n\n\n\n<p><em>FONTE: <a href=\"https:\/\/clicsulnews.com.br\/\" data-type=\"link\" data-id=\"https:\/\/clicsulnews.com.br\/\">ClicSul News<\/a><\/em><\/p>\n","protected":false},"excerpt":{"rendered":"<p>O Corpo de Bombeiros de S\u00e3o Mateus do Sul foi acionado por volta das 07:45 horas dessa quinta-feira, 19 de outubro, para atender um acidente na Rodovia do Xisto BR 476, regi\u00e3o do Limoeiro. No local foi prestado atendimento para o motorista do caminh\u00e3o que estava preso nas ferragens ap\u00f3s o caminh\u00e3o sair fora da [&hellip;]<\/p>\n","protected":false},"author":2,"featured_media":16074,"comment_status":"open","ping_status":"open","sticky":false,"template":"","format":"standard","meta":{"footnotes":""},"categories":[185],"tags":[172],"class_list":["post-16073","post","type-post","status-publish","format-standard","has-post-thumbnail","hentry","category-regional","tag-featured"],"amp_enabled":true,"_links":{"self":[{"href":"https:\/\/radiostudiow.com.br\/site\/wp-json\/wp\/v2\/posts\/16073","targetHints":{"allow":["GET"]}}],"collection":[{"href":"https:\/\/radiostudiow.com.br\/site\/wp-json\/wp\/v2\/posts"}],"about":[{"href":"https:\/\/radiostudiow.com.br\/site\/wp-json\/wp\/v2\/types\/post"}],"author":[{"embeddable":true,"href":"https:\/\/radiostudiow.com.br\/site\/wp-json\/wp\/v2\/users\/2"}],"replies":[{"embeddable":true,"href":"https:\/\/radiostudiow.com.br\/site\/wp-json\/wp\/v2\/comments?post=16073"}],"version-history":[{"count":3,"href":"https:\/\/radiostudiow.com.br\/site\/wp-json\/wp\/v2\/posts\/16073\/revisions"}],"predecessor-version":[{"id":33538,"href":"https:\/\/radiostudiow.com.br\/site\/wp-json\/wp\/v2\/posts\/16073\/revisions\/33538"}],"wp:featuredmedia":[{"embeddable":true,"href":"https:\/\/radiostudiow.com.br\/site\/wp-json\/wp\/v2\/media\/16074"}],"wp:attachment":[{"href":"https:\/\/radiostudiow.com.br\/site\/wp-json\/wp\/v2\/media?parent=16073"}],"wp:term":[{"taxonomy":"category","embeddable":true,"href":"https:\/\/radiostudiow.com.br\/site\/wp-json\/wp\/v2\/categories?post=16073"},{"taxonomy":"post_tag","embeddable":true,"href":"https:\/\/radiostudiow.com.br\/site\/wp-json\/wp\/v2\/tags?post=16073"}],"curies":[{"name":"wp","href":"https:\/\/api.w.org\/{rel}","templated":true}]}}