{"id":16087,"date":"2023-10-19T10:27:57","date_gmt":"2023-10-19T13:27:57","guid":{"rendered":"https:\/\/radiostudiow.com.br\/site\/?p=16087"},"modified":"2025-01-31T15:06:24","modified_gmt":"2025-01-31T18:06:24","slug":"governo-do-parana-ja-encaminhou-1-250-cestas-basicas-para-uniao-da-vitoria-varias-equipe-do-estado-tambem-estao-contribuindo","status":"publish","type":"post","link":"https:\/\/radiostudiow.com.br\/site\/2023\/10\/19\/governo-do-parana-ja-encaminhou-1-250-cestas-basicas-para-uniao-da-vitoria-varias-equipe-do-estado-tambem-estao-contribuindo\/","title":{"rendered":"GOVERNO DO PARAN\u00c1 J\u00c1 ENCAMINHOU 1.250 CESTAS B\u00c1SICAS PARA UNI\u00c3O DA VIT\u00d3RIA. V\u00c1RIAS EQUIPES DO ESTADO TAMB\u00c9M EST\u00c3O CONTRIBUINDO"},"content":{"rendered":"\n<p>O Governo do Estado vem realizando diversas a\u00e7\u00f5es para contribuir com Uni\u00e3o da Vit\u00f3ria e os demais munic\u00edpios atingidos pelas chuvas dos \u00faltimos dias. As a\u00e7\u00f5es buscam garantir mais conforto e atender \u00e0s necessidades b\u00e1sicas dos paranaenses.<\/p>\n\n\n\n<figure class=\"wp-block-image size-full\"><img decoding=\"async\" src=\"https:\/\/radiostudiow.com.br\/site\/wp-content\/uploads\/2023\/08\/image-125.png\" alt=\"\" class=\"wp-image-14658\"\/><\/figure>\n\n\n\n<p>Para Uni\u00e3o da Vit\u00f3ria, o Governo j\u00e1 destinou 1.250 unidades de cestas b\u00e1sicas e tamb\u00e9m aumentou o efetivo das equipes da Defesa Civil, Pol\u00edcia Militar e Corpo de Bombeiros. O Estado ainda colocou todas as chefias dos n\u00facleos regionais \u00e0 disposi\u00e7\u00e3o de Uni\u00e3o da Vit\u00f3ria para esse enfrentamento, que est\u00e3o mobilizadas com v\u00e1rias a\u00e7\u00f5es diariamente.<\/p>\n\n\n\n<p>Ainda foram destinados para Uni\u00e3o da Vit\u00f3ria e demais munic\u00edpios atingidos pela chuva kits dormit\u00f3rios, colch\u00f5es, kits higiene, kits limpeza e toneladas de alimentos encaminhadas pela Ceasa de Curitiba. Diversas empresas tamb\u00e9m est\u00e3o contribuindo por meio de doa\u00e7\u00f5es.<\/p>\n\n\n\n<figure class=\"wp-block-image size-full\"><img loading=\"lazy\" decoding=\"async\" width=\"500\" height=\"300\" src=\"https:\/\/radiostudiow.com.br\/site\/wp-content\/uploads\/2023\/10\/image-114.png\" alt=\"\" class=\"wp-image-16089\" srcset=\"https:\/\/radiostudiow.com.br\/site\/wp-content\/uploads\/2023\/10\/image-114.png 500w, https:\/\/radiostudiow.com.br\/site\/wp-content\/uploads\/2023\/10\/image-114-300x180.png 300w, https:\/\/radiostudiow.com.br\/site\/wp-content\/uploads\/2023\/10\/image-114-400x240.png 400w\" sizes=\"auto, (max-width: 500px) 100vw, 500px\" \/><figcaption class=\"wp-element-caption\"><em>Foto Gilson Abreu\/Aen<\/em><\/figcaption><\/figure>\n\n\n\n<figure class=\"wp-block-image size-full\"><img decoding=\"async\" src=\"https:\/\/radiostudiow.com.br\/site\/wp-content\/uploads\/2023\/08\/image-127.png\" alt=\"\" class=\"wp-image-14660\"\/><\/figure>\n\n\n\n<p>L\u00edder do Governo Ratinho Junior na Assembleia Legislativa, o deputado Hussei Bakri tamb\u00e9m vem fazendo valer sua influ\u00eancia pol\u00edtica e garantindo que Uni\u00e3o da Vit\u00f3ria tenha todo o aux\u00edlio necess\u00e1rio para enfrentar esse momento. Hussein Bakri fez, por exemplo, solicita\u00e7\u00f5es ao Governo do Estado para que seja concedido pela Copel e Sanepar benef\u00edcio na conta dos consumidores afetados pelas cheias, e \u00e0 Fazenda Estadual que seja prorrogado o pagamento do ICMS por empresas de cidades atingidas.<\/p>\n\n\n\n<p>A coordenadora regional da Casal Civil, Gabi Bakri, tamb\u00e9m est\u00e1 realizando a\u00e7\u00f5es por Uni\u00e3o da Vit\u00f3ria. Desde os primeiros dias em que o munic\u00edpio come\u00e7ou a ser afetado pelas chuvas, ela vem coordenando equipes para que fam\u00edlias sejam bem atendidas e recebam todo o aux\u00edlio necess\u00e1rio.<\/p>\n","protected":false},"excerpt":{"rendered":"<p>O Governo do Estado vem realizando diversas a\u00e7\u00f5es para contribuir com Uni\u00e3o da Vit\u00f3ria e os demais munic\u00edpios atingidos pelas chuvas dos \u00faltimos dias. As a\u00e7\u00f5es buscam garantir mais conforto e atender \u00e0s necessidades b\u00e1sicas dos paranaenses. Para Uni\u00e3o da Vit\u00f3ria, o Governo j\u00e1 destinou 1.250 unidades de cestas b\u00e1sicas e tamb\u00e9m aumentou o efetivo [&hellip;]<\/p>\n","protected":false},"author":2,"featured_media":16088,"comment_status":"open","ping_status":"open","sticky":false,"template":"","format":"standard","meta":{"footnotes":""},"categories":[185],"tags":[172],"class_list":["post-16087","post","type-post","status-publish","format-standard","has-post-thumbnail","hentry","category-regional","tag-featured"],"amp_enabled":true,"_links":{"self":[{"href":"https:\/\/radiostudiow.com.br\/site\/wp-json\/wp\/v2\/posts\/16087","targetHints":{"allow":["GET"]}}],"collection":[{"href":"https:\/\/radiostudiow.com.br\/site\/wp-json\/wp\/v2\/posts"}],"about":[{"href":"https:\/\/radiostudiow.com.br\/site\/wp-json\/wp\/v2\/types\/post"}],"author":[{"embeddable":true,"href":"https:\/\/radiostudiow.com.br\/site\/wp-json\/wp\/v2\/users\/2"}],"replies":[{"embeddable":true,"href":"https:\/\/radiostudiow.com.br\/site\/wp-json\/wp\/v2\/comments?post=16087"}],"version-history":[{"count":2,"href":"https:\/\/radiostudiow.com.br\/site\/wp-json\/wp\/v2\/posts\/16087\/revisions"}],"predecessor-version":[{"id":16091,"href":"https:\/\/radiostudiow.com.br\/site\/wp-json\/wp\/v2\/posts\/16087\/revisions\/16091"}],"wp:featuredmedia":[{"embeddable":true,"href":"https:\/\/radiostudiow.com.br\/site\/wp-json\/wp\/v2\/media\/16088"}],"wp:attachment":[{"href":"https:\/\/radiostudiow.com.br\/site\/wp-json\/wp\/v2\/media?parent=16087"}],"wp:term":[{"taxonomy":"category","embeddable":true,"href":"https:\/\/radiostudiow.com.br\/site\/wp-json\/wp\/v2\/categories?post=16087"},{"taxonomy":"post_tag","embeddable":true,"href":"https:\/\/radiostudiow.com.br\/site\/wp-json\/wp\/v2\/tags?post=16087"}],"curies":[{"name":"wp","href":"https:\/\/api.w.org\/{rel}","templated":true}]}}