{"id":16097,"date":"2023-10-19T16:10:16","date_gmt":"2023-10-19T19:10:16","guid":{"rendered":"https:\/\/radiostudiow.com.br\/site\/?p=16097"},"modified":"2025-01-31T15:02:37","modified_gmt":"2025-01-31T18:02:37","slug":"decretada-situacao-de-emergencia-para-o-municipio-de-mallet-pr","status":"publish","type":"post","link":"https:\/\/radiostudiow.com.br\/site\/2023\/10\/19\/decretada-situacao-de-emergencia-para-o-municipio-de-mallet-pr\/","title":{"rendered":"DECRETADA SITUA\u00c7\u00c3O DE EMERG\u00caNCIA PARA O MUNIC\u00cdPIO DE MALLET-PR"},"content":{"rendered":"\n<p><strong>Nesta quinta-feira dia 19 de outubro de 2023, o Governador do Estado do Paran\u00e1, Ratinho J\u00fanior, homologou o decreto municipal 826\/2023, o qual, estabelece situa\u00e7\u00e3o de emerg\u00eancia para o munic\u00edpio de Mallet.<\/strong><\/p>\n\n\n\n<figure class=\"wp-block-image size-full\"><img decoding=\"async\" src=\"https:\/\/radiostudiow.com.br\/site\/wp-content\/uploads\/2023\/05\/image-2.png\" alt=\"\" class=\"wp-image-12867\"\/><\/figure>\n\n\n\n<p>Devido as fortes chuvas ocorridas no dia 12\/10\/2023, 96 pessoas ficaram desalojadas, precisando deixar suas casas, vindo a se alojar em casas de amigos e\/ou parentes, devido as inunda\u00e7\u00e3o ocorridas na sede e interior do munic\u00edpio.<\/p>\n\n\n\n<p>Tamb\u00e9m foram atingidos de alguma forma 195 pessoas, as quais, precisaram ajuda da Secretaria da Fam\u00edlia e Assist\u00eancia Social\u00a0 em forma de doa\u00e7\u00f5es de cestas b\u00e1sicas, colch\u00f5es, kits de higiene, etc.<\/p>\n\n\n\n<p>No interior do mun\u00edcipio v\u00e1rias estradas, pontes e bueiros foram danificados, bem como, v\u00e1rios produtores rurais tiveram preju\u00edzos em suas lavouras, a estimativa dos preju\u00edzos gira em torno de R$ 60.000.000,00 entre preju\u00edzos p\u00fablicos e privados.<\/p>\n\n\n\n<figure class=\"wp-block-image size-full\"><img decoding=\"async\" src=\"https:\/\/radiostudiow.com.br\/site\/wp-content\/uploads\/2023\/08\/image-125.png\" alt=\"\" class=\"wp-image-14658\"\/><\/figure>\n\n\n\n<p>A homologa\u00e7\u00e3o do decreto de situa\u00e7\u00e3o de emerg\u00eancia \u00e9 de suma import\u00e2ncia, uma vez que facilita o procedimento para os contratos de aquisi\u00e7\u00e3o de bens necess\u00e1rios \u00e0s atividades de resposta ao desastre, de presta\u00e7\u00e3o de servi\u00e7os e obras relacionadas com a reabilita\u00e7\u00e3o do cen\u00e1rio de desastre, isto sem confronta\u00e7\u00f5es a Lei de Responsabilidade Fiscal (LC 101\/2000).<\/p>\n\n\n\n<p><em>Fonte e Fotos: Coordena\u00e7\u00e3o Municipal da Defesa Civil de Mallet\/PR.<\/em><\/p>\n\n\n\n<figure class=\"wp-block-image size-full is-resized\"><img loading=\"lazy\" decoding=\"async\" src=\"https:\/\/radiostudiow.com.br\/site\/wp-content\/uploads\/2023\/10\/image-115.png\" alt=\"\" class=\"wp-image-16099\" style=\"width:741px;height:376px\" width=\"741\" height=\"376\" srcset=\"https:\/\/radiostudiow.com.br\/site\/wp-content\/uploads\/2023\/10\/image-115.png 996w, https:\/\/radiostudiow.com.br\/site\/wp-content\/uploads\/2023\/10\/image-115-300x152.png 300w, https:\/\/radiostudiow.com.br\/site\/wp-content\/uploads\/2023\/10\/image-115-768x389.png 768w\" sizes=\"auto, (max-width: 741px) 100vw, 741px\" \/><figcaption class=\"wp-element-caption\">Parque dos Imigrantes<\/figcaption><\/figure>\n\n\n\n<figure class=\"wp-block-image size-full\"><img loading=\"lazy\" decoding=\"async\" width=\"871\" height=\"487\" src=\"https:\/\/radiostudiow.com.br\/site\/wp-content\/uploads\/2023\/10\/image-116.png\" alt=\"\" class=\"wp-image-16100\" srcset=\"https:\/\/radiostudiow.com.br\/site\/wp-content\/uploads\/2023\/10\/image-116.png 871w, https:\/\/radiostudiow.com.br\/site\/wp-content\/uploads\/2023\/10\/image-116-300x168.png 300w, https:\/\/radiostudiow.com.br\/site\/wp-content\/uploads\/2023\/10\/image-116-768x429.png 768w\" sizes=\"auto, (max-width: 871px) 100vw, 871px\" \/><figcaption class=\"wp-element-caption\">Parque dos Imigrantes<\/figcaption><\/figure>\n\n\n\n<figure class=\"wp-block-image size-full is-resized\"><img loading=\"lazy\" decoding=\"async\" src=\"https:\/\/radiostudiow.com.br\/site\/wp-content\/uploads\/2023\/10\/image-117.png\" alt=\"\" class=\"wp-image-16101\" style=\"width:740px;height:546px\" width=\"740\" height=\"546\" srcset=\"https:\/\/radiostudiow.com.br\/site\/wp-content\/uploads\/2023\/10\/image-117.png 926w, https:\/\/radiostudiow.com.br\/site\/wp-content\/uploads\/2023\/10\/image-117-300x221.png 300w, https:\/\/radiostudiow.com.br\/site\/wp-content\/uploads\/2023\/10\/image-117-768x566.png 768w\" sizes=\"auto, (max-width: 740px) 100vw, 740px\" \/><figcaption class=\"wp-element-caption\">Ponte da comunidade do Lajeado de Baixo-Mallet<\/figcaption><\/figure>\n\n\n\n<figure class=\"wp-block-image size-full\"><img loading=\"lazy\" decoding=\"async\" width=\"898\" height=\"505\" src=\"https:\/\/radiostudiow.com.br\/site\/wp-content\/uploads\/2023\/10\/image-118.png\" alt=\"\" class=\"wp-image-16102\" srcset=\"https:\/\/radiostudiow.com.br\/site\/wp-content\/uploads\/2023\/10\/image-118.png 898w, https:\/\/radiostudiow.com.br\/site\/wp-content\/uploads\/2023\/10\/image-118-300x169.png 300w, https:\/\/radiostudiow.com.br\/site\/wp-content\/uploads\/2023\/10\/image-118-768x432.png 768w\" sizes=\"auto, (max-width: 898px) 100vw, 898px\" \/><figcaption class=\"wp-element-caption\">Ponte da comunidade do Lajeado de Baixo-Mallet<\/figcaption><\/figure>\n\n\n\n<figure class=\"wp-block-image size-full\"><img loading=\"lazy\" decoding=\"async\" width=\"876\" height=\"524\" src=\"https:\/\/radiostudiow.com.br\/site\/wp-content\/uploads\/2023\/10\/image-119.png\" alt=\"\" class=\"wp-image-16103\" srcset=\"https:\/\/radiostudiow.com.br\/site\/wp-content\/uploads\/2023\/10\/image-119.png 876w, https:\/\/radiostudiow.com.br\/site\/wp-content\/uploads\/2023\/10\/image-119-300x179.png 300w, https:\/\/radiostudiow.com.br\/site\/wp-content\/uploads\/2023\/10\/image-119-768x459.png 768w, https:\/\/radiostudiow.com.br\/site\/wp-content\/uploads\/2023\/10\/image-119-590x354.png 590w, https:\/\/radiostudiow.com.br\/site\/wp-content\/uploads\/2023\/10\/image-119-400x240.png 400w\" sizes=\"auto, (max-width: 876px) 100vw, 876px\" \/><figcaption class=\"wp-element-caption\">Em frente ao Pelot\u00e3o da Pol\u00edcia Militar do 27 \u2070 BPM de Mallet-PR<\/figcaption><\/figure>\n\n\n\n<figure class=\"wp-block-image size-full\"><img loading=\"lazy\" decoding=\"async\" width=\"897\" height=\"473\" src=\"https:\/\/radiostudiow.com.br\/site\/wp-content\/uploads\/2023\/10\/image-120.png\" alt=\"\" class=\"wp-image-16104\" srcset=\"https:\/\/radiostudiow.com.br\/site\/wp-content\/uploads\/2023\/10\/image-120.png 897w, https:\/\/radiostudiow.com.br\/site\/wp-content\/uploads\/2023\/10\/image-120-300x158.png 300w, https:\/\/radiostudiow.com.br\/site\/wp-content\/uploads\/2023\/10\/image-120-768x405.png 768w\" sizes=\"auto, (max-width: 897px) 100vw, 897px\" \/><figcaption class=\"wp-element-caption\">Avenida Bar\u00e3o do Rio Branco<\/figcaption><\/figure>\n","protected":false},"excerpt":{"rendered":"<p>Nesta quinta-feira dia 19 de outubro de 2023, o Governador do Estado do Paran\u00e1, Ratinho J\u00fanior, homologou o decreto municipal 826\/2023, o qual, estabelece situa\u00e7\u00e3o de emerg\u00eancia para o munic\u00edpio de Mallet. Devido as fortes chuvas ocorridas no dia 12\/10\/2023, 96 pessoas ficaram desalojadas, precisando deixar suas casas, vindo a se alojar em casas de [&hellip;]<\/p>\n","protected":false},"author":2,"featured_media":16098,"comment_status":"open","ping_status":"open","sticky":false,"template":"","format":"standard","meta":{"footnotes":""},"categories":[184],"tags":[172],"class_list":["post-16097","post","type-post","status-publish","format-standard","has-post-thumbnail","hentry","category-local","tag-featured"],"amp_enabled":true,"_links":{"self":[{"href":"https:\/\/radiostudiow.com.br\/site\/wp-json\/wp\/v2\/posts\/16097","targetHints":{"allow":["GET"]}}],"collection":[{"href":"https:\/\/radiostudiow.com.br\/site\/wp-json\/wp\/v2\/posts"}],"about":[{"href":"https:\/\/radiostudiow.com.br\/site\/wp-json\/wp\/v2\/types\/post"}],"author":[{"embeddable":true,"href":"https:\/\/radiostudiow.com.br\/site\/wp-json\/wp\/v2\/users\/2"}],"replies":[{"embeddable":true,"href":"https:\/\/radiostudiow.com.br\/site\/wp-json\/wp\/v2\/comments?post=16097"}],"version-history":[{"count":1,"href":"https:\/\/radiostudiow.com.br\/site\/wp-json\/wp\/v2\/posts\/16097\/revisions"}],"predecessor-version":[{"id":16105,"href":"https:\/\/radiostudiow.com.br\/site\/wp-json\/wp\/v2\/posts\/16097\/revisions\/16105"}],"wp:featuredmedia":[{"embeddable":true,"href":"https:\/\/radiostudiow.com.br\/site\/wp-json\/wp\/v2\/media\/16098"}],"wp:attachment":[{"href":"https:\/\/radiostudiow.com.br\/site\/wp-json\/wp\/v2\/media?parent=16097"}],"wp:term":[{"taxonomy":"category","embeddable":true,"href":"https:\/\/radiostudiow.com.br\/site\/wp-json\/wp\/v2\/categories?post=16097"},{"taxonomy":"post_tag","embeddable":true,"href":"https:\/\/radiostudiow.com.br\/site\/wp-json\/wp\/v2\/tags?post=16097"}],"curies":[{"name":"wp","href":"https:\/\/api.w.org\/{rel}","templated":true}]}}