{"id":16116,"date":"2023-10-19T18:43:29","date_gmt":"2023-10-19T21:43:29","guid":{"rendered":"https:\/\/radiostudiow.com.br\/site\/?p=16116"},"modified":"2025-01-31T15:02:37","modified_gmt":"2025-01-31T18:02:37","slug":"residencia-pega-fogo-no-bairro-lagoa-em-irati","status":"publish","type":"post","link":"https:\/\/radiostudiow.com.br\/site\/2023\/10\/19\/residencia-pega-fogo-no-bairro-lagoa-em-irati\/","title":{"rendered":"RESID\u00caNCIA PEGA FOGO NO BAIRRO LAGOA EM IRATI"},"content":{"rendered":"\n<p>Uma resid\u00eancia pegou fogo no fim da noite desta quarta-feira, 18 de Outubro, na rua Rio Tigre, bairro Lagoa na cidade de Irati.<\/p>\n\n\n\n<figure class=\"wp-block-image size-full\"><img decoding=\"async\" src=\"https:\/\/radiostudiow.com.br\/site\/wp-content\/uploads\/2022\/06\/WRNET.jpg\" alt=\"\" class=\"wp-image-7827\"\/><\/figure>\n\n\n\n<p>O Corpo de Bombeiros esteve no local e combateu as chamas. Ningu\u00e9m ficou ferido neste incidente.<\/p>\n\n\n\n<p>Populares informaram \u00e0 Pol\u00edcia Militar (PM) que o morador havia sido retirado do im\u00f3vel no momento do inc\u00eandio. Ele disse aos policiais que n\u00e3o sabia como o fogo come\u00e7ou.<\/p>\n\n\n\n<p>Vizinhos disseram que a casa n\u00e3o tem liga\u00e7\u00e3o de energia el\u00e9trica e que o homem utiliza velas para ilumina\u00e7\u00e3o no per\u00edodo noturno.<\/p>\n","protected":false},"excerpt":{"rendered":"<p>Uma resid\u00eancia pegou fogo no fim da noite desta quarta-feira, 18 de Outubro, na rua Rio Tigre, bairro Lagoa na cidade de Irati. O Corpo de Bombeiros esteve no local e combateu as chamas. Ningu\u00e9m ficou ferido neste incidente. Populares informaram \u00e0 Pol\u00edcia Militar (PM) que o morador havia sido retirado do im\u00f3vel no momento [&hellip;]<\/p>\n","protected":false},"author":2,"featured_media":16117,"comment_status":"open","ping_status":"open","sticky":false,"template":"","format":"standard","meta":{"footnotes":""},"categories":[185],"tags":[172],"class_list":["post-16116","post","type-post","status-publish","format-standard","has-post-thumbnail","hentry","category-regional","tag-featured"],"amp_enabled":true,"_links":{"self":[{"href":"https:\/\/radiostudiow.com.br\/site\/wp-json\/wp\/v2\/posts\/16116","targetHints":{"allow":["GET"]}}],"collection":[{"href":"https:\/\/radiostudiow.com.br\/site\/wp-json\/wp\/v2\/posts"}],"about":[{"href":"https:\/\/radiostudiow.com.br\/site\/wp-json\/wp\/v2\/types\/post"}],"author":[{"embeddable":true,"href":"https:\/\/radiostudiow.com.br\/site\/wp-json\/wp\/v2\/users\/2"}],"replies":[{"embeddable":true,"href":"https:\/\/radiostudiow.com.br\/site\/wp-json\/wp\/v2\/comments?post=16116"}],"version-history":[{"count":2,"href":"https:\/\/radiostudiow.com.br\/site\/wp-json\/wp\/v2\/posts\/16116\/revisions"}],"predecessor-version":[{"id":16119,"href":"https:\/\/radiostudiow.com.br\/site\/wp-json\/wp\/v2\/posts\/16116\/revisions\/16119"}],"wp:featuredmedia":[{"embeddable":true,"href":"https:\/\/radiostudiow.com.br\/site\/wp-json\/wp\/v2\/media\/16117"}],"wp:attachment":[{"href":"https:\/\/radiostudiow.com.br\/site\/wp-json\/wp\/v2\/media?parent=16116"}],"wp:term":[{"taxonomy":"category","embeddable":true,"href":"https:\/\/radiostudiow.com.br\/site\/wp-json\/wp\/v2\/categories?post=16116"},{"taxonomy":"post_tag","embeddable":true,"href":"https:\/\/radiostudiow.com.br\/site\/wp-json\/wp\/v2\/tags?post=16116"}],"curies":[{"name":"wp","href":"https:\/\/api.w.org\/{rel}","templated":true}]}}