{"id":16128,"date":"2023-10-19T20:40:16","date_gmt":"2023-10-19T23:40:16","guid":{"rendered":"https:\/\/radiostudiow.com.br\/site\/?p=16128"},"modified":"2025-01-31T15:02:37","modified_gmt":"2025-01-31T18:02:37","slug":"motociclista-morre-em-acidente-de-transito-em-porto-uniao","status":"publish","type":"post","link":"https:\/\/radiostudiow.com.br\/site\/2023\/10\/19\/motociclista-morre-em-acidente-de-transito-em-porto-uniao\/","title":{"rendered":"MOTOCICLISTA MORRE EM ACIDENTE DE TR\u00c2NSITO EM PORTO UNI\u00c3O"},"content":{"rendered":"\n<p>No in\u00edcio da tarde desta quarta-feira, 18, o Corpo de Bombeiros de Porto Uni\u00e3o foi acionado para atender uma ocorr\u00eancia de acidente de tr\u00e2nsito envolvendo um ve\u00edculo e uma motocicleta, que resultou em uma colis\u00e3o com uma \u00e1rvore. O incidente ocorreu na esquina da rua Coronel Amazonas com a rua Prudente de Morais.<\/p>\n\n\n\n<figure class=\"wp-block-image size-large\"><img decoding=\"async\" src=\"https:\/\/radiostudiow.com.br\/site\/wp-content\/uploads\/2023\/05\/image-8-1024x392.png\" alt=\"\" class=\"wp-image-12937\"\/><\/figure>\n\n\n\n<figure class=\"wp-block-image size-full\"><img loading=\"lazy\" decoding=\"async\" width=\"720\" height=\"534\" src=\"https:\/\/radiostudiow.com.br\/site\/wp-content\/uploads\/2023\/10\/image-121.png\" alt=\"\" class=\"wp-image-16130\" srcset=\"https:\/\/radiostudiow.com.br\/site\/wp-content\/uploads\/2023\/10\/image-121.png 720w, https:\/\/radiostudiow.com.br\/site\/wp-content\/uploads\/2023\/10\/image-121-300x223.png 300w\" sizes=\"auto, (max-width: 720px) 100vw, 720px\" \/><\/figure>\n\n\n\n<p>O motociclista, identificado como C\u00e1ssio Fernando de Freitas de 31 anos, que conduzia uma motocicleta Honda Bros, sofreu ferimentos graves, especialmente no t\u00f3rax e no abdome, com suspeita de choque hemorr\u00e1gico devido a uma hemorragia interna. <\/p>\n\n\n\n<p>A equipe de resgate realizou os protocolos de primeiros socorros no local, imobilizou o paciente e o encaminhou com urg\u00eancia ao Hospital S\u00e3o Camilo S\u00e3o Braz para receber atendimento m\u00e9dico especializado, mas infelizmente n\u00e3o resistiu aos ferimentos e veio a \u00f3bito. A v\u00edtima, que deixa a companheira e uma filha.<\/p>\n\n\n\n<p>O condutor do ve\u00edculo Hilux, um homem de 60 anos, n\u00e3o apresentava ferimentos aparentes e recusou o transporte para o hospital ap\u00f3s avalia\u00e7\u00e3o da equipe de resgate.<\/p>\n","protected":false},"excerpt":{"rendered":"<p>No in\u00edcio da tarde desta quarta-feira, 18, o Corpo de Bombeiros de Porto Uni\u00e3o foi acionado para atender uma ocorr\u00eancia de acidente de tr\u00e2nsito envolvendo um ve\u00edculo e uma motocicleta, que resultou em uma colis\u00e3o com uma \u00e1rvore. O incidente ocorreu na esquina da rua Coronel Amazonas com a rua Prudente de Morais. O motociclista, [&hellip;]<\/p>\n","protected":false},"author":2,"featured_media":16129,"comment_status":"open","ping_status":"open","sticky":false,"template":"","format":"standard","meta":{"footnotes":""},"categories":[185],"tags":[172],"class_list":["post-16128","post","type-post","status-publish","format-standard","has-post-thumbnail","hentry","category-regional","tag-featured"],"amp_enabled":true,"_links":{"self":[{"href":"https:\/\/radiostudiow.com.br\/site\/wp-json\/wp\/v2\/posts\/16128","targetHints":{"allow":["GET"]}}],"collection":[{"href":"https:\/\/radiostudiow.com.br\/site\/wp-json\/wp\/v2\/posts"}],"about":[{"href":"https:\/\/radiostudiow.com.br\/site\/wp-json\/wp\/v2\/types\/post"}],"author":[{"embeddable":true,"href":"https:\/\/radiostudiow.com.br\/site\/wp-json\/wp\/v2\/users\/2"}],"replies":[{"embeddable":true,"href":"https:\/\/radiostudiow.com.br\/site\/wp-json\/wp\/v2\/comments?post=16128"}],"version-history":[{"count":1,"href":"https:\/\/radiostudiow.com.br\/site\/wp-json\/wp\/v2\/posts\/16128\/revisions"}],"predecessor-version":[{"id":16131,"href":"https:\/\/radiostudiow.com.br\/site\/wp-json\/wp\/v2\/posts\/16128\/revisions\/16131"}],"wp:featuredmedia":[{"embeddable":true,"href":"https:\/\/radiostudiow.com.br\/site\/wp-json\/wp\/v2\/media\/16129"}],"wp:attachment":[{"href":"https:\/\/radiostudiow.com.br\/site\/wp-json\/wp\/v2\/media?parent=16128"}],"wp:term":[{"taxonomy":"category","embeddable":true,"href":"https:\/\/radiostudiow.com.br\/site\/wp-json\/wp\/v2\/categories?post=16128"},{"taxonomy":"post_tag","embeddable":true,"href":"https:\/\/radiostudiow.com.br\/site\/wp-json\/wp\/v2\/tags?post=16128"}],"curies":[{"name":"wp","href":"https:\/\/api.w.org\/{rel}","templated":true}]}}