{"id":16140,"date":"2023-10-20T10:03:32","date_gmt":"2023-10-20T13:03:32","guid":{"rendered":"https:\/\/radiostudiow.com.br\/site\/?p=16140"},"modified":"2025-01-31T15:02:37","modified_gmt":"2025-01-31T18:02:37","slug":"superintendente-regional-do-dnit-pr-atualiza-informacoes-sobre-a-br-476-entre-paula-freitas-e-uniao-da-vitoria","status":"publish","type":"post","link":"https:\/\/radiostudiow.com.br\/site\/2023\/10\/20\/superintendente-regional-do-dnit-pr-atualiza-informacoes-sobre-a-br-476-entre-paula-freitas-e-uniao-da-vitoria\/","title":{"rendered":"SUPERINTENDENTE REGIONAL DO DNIT-PR ATUALIZA INFORMA\u00c7\u00d5ES SOBRE A BR-476 ENTRE PAULA FREITAS E UNI\u00c3O DA VIT\u00d3RIA"},"content":{"rendered":"\n<p>O superintendente regional do DNIT Paran\u00e1, H\u00e9lio Gomes da Silva J\u00fanior, forneceu uma atualiza\u00e7\u00e3o das informa\u00e7\u00f5es referentes \u00e0 situa\u00e7\u00e3o da BR-476 na quinta-feira (19).<\/p>\n\n\n\n<figure class=\"wp-block-image size-full\"><img decoding=\"async\" src=\"https:\/\/radiostudiow.com.br\/site\/wp-content\/uploads\/2023\/05\/image-2.png\" alt=\"\" class=\"wp-image-12867\"\/><\/figure>\n\n\n\n<p>No v\u00eddeo, ele aborda a se\u00e7\u00e3o entre&nbsp;<strong>Paula Freitas e Uni\u00e3o da Vit\u00f3ria<\/strong>,&nbsp;<a href=\"https:\/\/portalrdx.com.br\/08\/10\/2023\/video-asfalto-cede-na-br-476-e-interdita-transito-em-uniao-da-vitoria\/\">onde ocorreu o rompimento e o colapso completo da rodovia no dia 8 de outubro<\/a>. O segmento correspondente ao quil\u00f4metro 356 cedeu e est\u00e1 atualmente completamente bloqueado.<\/p>\n\n\n\n<p>De acordo com o superintendente, os t\u00e9cnicos j\u00e1 est\u00e3o em processo de avalia\u00e7\u00e3o, e a licita\u00e7\u00e3o j\u00e1 foi realizada.<\/p>\n\n\n\n<figure class=\"wp-block-embed is-type-video is-provider-youtube wp-block-embed-youtube wp-embed-aspect-16-9 wp-has-aspect-ratio\"><div class=\"wp-block-embed__wrapper\">\n<iframe loading=\"lazy\" title=\"Superintendente Regional do DNIT Paran\u00e1 atualiza situa\u00e7\u00e3o cr\u00edtica na BR-476\" width=\"740\" height=\"416\" src=\"https:\/\/www.youtube.com\/embed\/j-On4tDEq20?feature=oembed\" frameborder=\"0\" allow=\"accelerometer; autoplay; clipboard-write; encrypted-media; gyroscope; picture-in-picture; web-share\" allowfullscreen><\/iframe>\n<\/div><\/figure>\n\n\n\n<p>Fonte: <a href=\"https:\/\/portalrdx.com.br\/\" data-type=\"link\" data-id=\"https:\/\/portalrdx.com.br\/\">Portal RDX<\/a><\/p>\n","protected":false},"excerpt":{"rendered":"<p>O superintendente regional do DNIT Paran\u00e1, H\u00e9lio Gomes da Silva J\u00fanior, forneceu uma atualiza\u00e7\u00e3o das informa\u00e7\u00f5es referentes \u00e0 situa\u00e7\u00e3o da BR-476 na quinta-feira (19). No v\u00eddeo, ele aborda a se\u00e7\u00e3o entre&nbsp;Paula Freitas e Uni\u00e3o da Vit\u00f3ria,&nbsp;onde ocorreu o rompimento e o colapso completo da rodovia no dia 8 de outubro. O segmento correspondente ao quil\u00f4metro [&hellip;]<\/p>\n","protected":false},"author":2,"featured_media":16141,"comment_status":"open","ping_status":"open","sticky":false,"template":"","format":"standard","meta":{"footnotes":""},"categories":[185],"tags":[172],"class_list":["post-16140","post","type-post","status-publish","format-standard","has-post-thumbnail","hentry","category-regional","tag-featured"],"amp_enabled":true,"_links":{"self":[{"href":"https:\/\/radiostudiow.com.br\/site\/wp-json\/wp\/v2\/posts\/16140","targetHints":{"allow":["GET"]}}],"collection":[{"href":"https:\/\/radiostudiow.com.br\/site\/wp-json\/wp\/v2\/posts"}],"about":[{"href":"https:\/\/radiostudiow.com.br\/site\/wp-json\/wp\/v2\/types\/post"}],"author":[{"embeddable":true,"href":"https:\/\/radiostudiow.com.br\/site\/wp-json\/wp\/v2\/users\/2"}],"replies":[{"embeddable":true,"href":"https:\/\/radiostudiow.com.br\/site\/wp-json\/wp\/v2\/comments?post=16140"}],"version-history":[{"count":3,"href":"https:\/\/radiostudiow.com.br\/site\/wp-json\/wp\/v2\/posts\/16140\/revisions"}],"predecessor-version":[{"id":33536,"href":"https:\/\/radiostudiow.com.br\/site\/wp-json\/wp\/v2\/posts\/16140\/revisions\/33536"}],"wp:featuredmedia":[{"embeddable":true,"href":"https:\/\/radiostudiow.com.br\/site\/wp-json\/wp\/v2\/media\/16141"}],"wp:attachment":[{"href":"https:\/\/radiostudiow.com.br\/site\/wp-json\/wp\/v2\/media?parent=16140"}],"wp:term":[{"taxonomy":"category","embeddable":true,"href":"https:\/\/radiostudiow.com.br\/site\/wp-json\/wp\/v2\/categories?post=16140"},{"taxonomy":"post_tag","embeddable":true,"href":"https:\/\/radiostudiow.com.br\/site\/wp-json\/wp\/v2\/tags?post=16140"}],"curies":[{"name":"wp","href":"https:\/\/api.w.org\/{rel}","templated":true}]}}