{"id":16169,"date":"2023-10-20T19:46:24","date_gmt":"2023-10-20T22:46:24","guid":{"rendered":"https:\/\/radiostudiow.com.br\/site\/?p=16169"},"modified":"2025-01-31T15:02:37","modified_gmt":"2025-01-31T18:02:37","slug":"motociclista-fica-ferido-apos-colisao-com-veiculo-em-sao-mateus-do-sul","status":"publish","type":"post","link":"https:\/\/radiostudiow.com.br\/site\/2023\/10\/20\/motociclista-fica-ferido-apos-colisao-com-veiculo-em-sao-mateus-do-sul\/","title":{"rendered":"MOTOCICLISTA FICA FERIDO AP\u00d3S COLIS\u00c3O COM VE\u00cdCULO EM S\u00c3O MATEUS DO SUL"},"content":{"rendered":"\n<p>O Corpo de Bombeiros de S\u00e3o Mateus do Sul foi acionado para atender a um acidente do tipo colis\u00e3o, envolvendo uma motocicleta e ve\u00edculo, na BR-476, na altura do quil\u00f4metro 282, pr\u00f3ximo ao trevo de acesso \u00e0 Incepa na manh\u00e3 desta sexta-feira (20).<\/p>\n\n\n\n<figure class=\"wp-block-image size-full\"><img decoding=\"async\" src=\"https:\/\/radiostudiow.com.br\/site\/wp-content\/uploads\/2023\/08\/image-127.png\" alt=\"\" class=\"wp-image-14660\"\/><\/figure>\n\n\n\n<p>De acordo com as informa\u00e7\u00f5es do Portal RDX, o motociclista que n\u00e3o teve a identidade e a idade revelados, sofreu suspeita de fratura em arcos costais, sendo socorrido e encaminhado ao Pronto Atendimento Municipal de S\u00e3o Mateus do Sul. O motorista do carro n\u00e3o se feriu.<\/p>\n\n\n\n<p>At\u00e9 o momento, n\u00e3o foram repassadas detalhes sobre como ocorreu o acidente.<\/p>\n","protected":false},"excerpt":{"rendered":"<p>O Corpo de Bombeiros de S\u00e3o Mateus do Sul foi acionado para atender a um acidente do tipo colis\u00e3o, envolvendo uma motocicleta e ve\u00edculo, na BR-476, na altura do quil\u00f4metro 282, pr\u00f3ximo ao trevo de acesso \u00e0 Incepa na manh\u00e3 desta sexta-feira (20). De acordo com as informa\u00e7\u00f5es do Portal RDX, o motociclista que n\u00e3o [&hellip;]<\/p>\n","protected":false},"author":2,"featured_media":9698,"comment_status":"open","ping_status":"open","sticky":false,"template":"","format":"standard","meta":{"footnotes":""},"categories":[185],"tags":[172],"class_list":["post-16169","post","type-post","status-publish","format-standard","has-post-thumbnail","hentry","category-regional","tag-featured"],"amp_enabled":true,"_links":{"self":[{"href":"https:\/\/radiostudiow.com.br\/site\/wp-json\/wp\/v2\/posts\/16169","targetHints":{"allow":["GET"]}}],"collection":[{"href":"https:\/\/radiostudiow.com.br\/site\/wp-json\/wp\/v2\/posts"}],"about":[{"href":"https:\/\/radiostudiow.com.br\/site\/wp-json\/wp\/v2\/types\/post"}],"author":[{"embeddable":true,"href":"https:\/\/radiostudiow.com.br\/site\/wp-json\/wp\/v2\/users\/2"}],"replies":[{"embeddable":true,"href":"https:\/\/radiostudiow.com.br\/site\/wp-json\/wp\/v2\/comments?post=16169"}],"version-history":[{"count":2,"href":"https:\/\/radiostudiow.com.br\/site\/wp-json\/wp\/v2\/posts\/16169\/revisions"}],"predecessor-version":[{"id":16173,"href":"https:\/\/radiostudiow.com.br\/site\/wp-json\/wp\/v2\/posts\/16169\/revisions\/16173"}],"wp:featuredmedia":[{"embeddable":true,"href":"https:\/\/radiostudiow.com.br\/site\/wp-json\/wp\/v2\/media\/9698"}],"wp:attachment":[{"href":"https:\/\/radiostudiow.com.br\/site\/wp-json\/wp\/v2\/media?parent=16169"}],"wp:term":[{"taxonomy":"category","embeddable":true,"href":"https:\/\/radiostudiow.com.br\/site\/wp-json\/wp\/v2\/categories?post=16169"},{"taxonomy":"post_tag","embeddable":true,"href":"https:\/\/radiostudiow.com.br\/site\/wp-json\/wp\/v2\/tags?post=16169"}],"curies":[{"name":"wp","href":"https:\/\/api.w.org\/{rel}","templated":true}]}}