{"id":16190,"date":"2023-10-21T03:26:00","date_gmt":"2023-10-21T06:26:00","guid":{"rendered":"https:\/\/radiostudiow.com.br\/site\/?p=16190"},"modified":"2025-01-31T15:02:37","modified_gmt":"2025-01-31T18:02:37","slug":"prefeitura-de-mallet-proibe-trafego-pesadonas-estradas-rurais-em-dias-de-chuvas","status":"publish","type":"post","link":"https:\/\/radiostudiow.com.br\/site\/2023\/10\/21\/prefeitura-de-mallet-proibe-trafego-pesadonas-estradas-rurais-em-dias-de-chuvas\/","title":{"rendered":"PREFEITURA DE MALLET PRO\u00cdBE TR\u00c1FEGO PESADO NAS ESTRADAS RURAIS EM DIAS DE CHUVAS"},"content":{"rendered":"\n<p><strong><em>Com a nova Lei, fica proibido ve\u00edculos com cargas acima de 7 toneladas a circularem em dias de chuvas\u00a0nas estradas do interior de Mallet<\/em><\/strong>.<\/p>\n\n\n\n<figure class=\"wp-block-image size-large\"><img decoding=\"async\" src=\"https:\/\/radiostudiow.com.br\/site\/wp-content\/uploads\/2023\/01\/capa-1024x384.jpg\" alt=\"\" class=\"wp-image-10696\"\/><\/figure>\n\n\n\n<p>Em um importante passo para a preserva\u00e7\u00e3o das estradas rurais e a seguran\u00e7a da popula\u00e7\u00e3o, o Prefeito Moacir Alfredo Szinvelski decretou, junto a Prefeitura Municipal de Mallet, no Paran\u00e1, e publicou o Decreto Municipal 827, datado de 19 de outubro de 2023, que regulamenta o tr\u00e1fego de ve\u00edculos pesados nas estradas rurais do munic\u00edpio.<\/p>\n\n\n\n<p>O decreto tem como principal objetivo estabelecer diretrizes claras para a circula\u00e7\u00e3o de ve\u00edculos pesados em dias de chuva, com a finalidade de minimizar os danos \u00e0 infraestrutura das estradas rurais e proteger a integridade dos moradores e condutores. Al\u00e9m disso, visa preservar o meio ambiente local.<\/p>\n\n\n\n<p>Entre os principais pontos do Decreto 827\/2023, destacam-se:<br>Defini\u00e7\u00e3o de ve\u00edculos pesados: O decreto especifica ve\u00edculos de carga com peso bruto total acima de 7 (sete) toneladas.<\/p>\n\n\n\n<figure class=\"wp-block-image size-full\"><img decoding=\"async\" src=\"https:\/\/radiostudiow.com.br\/site\/wp-content\/uploads\/2022\/06\/vem_ai.jpg\" alt=\"\" class=\"wp-image-7789\"\/><\/figure>\n\n\n\n<p>Restri\u00e7\u00f5es em dias de chuva: Fica estabelecido que em dias de chuva, com precipita\u00e7\u00e3o superior a 10mm (dez mil\u00edmetros) de chuva, aferida pelo SIMEPAR \u2013 Sistema Meteorol\u00f3gico do Paran\u00e1, haver\u00e1 proibi\u00e7\u00e3o de circula\u00e7\u00e3o de ve\u00edculos de carga (caminh\u00f5es carregados) nas estradas municipais rurais, se mantendo proibido at\u00e9 48 h (quarenta e oito horas) ap\u00f3s o termino do evento clim\u00e1tico.&nbsp;<\/p>\n\n\n\n<p>Autoriza\u00e7\u00e3o especial: Ficam exclu\u00eddos da proibi\u00e7\u00e3o ve\u00edculos que transportam cargas vivas, ra\u00e7\u00e3o e leite. Tamb\u00e9m est\u00e3o exclu\u00eddos os ve\u00edculos oficiais, de \u00f3rg\u00e3os p\u00fablicos ou ve\u00edculos com peso bruto inferior a 07 (sete) toneladas.&nbsp;<br>San\u00e7\u00f5es: O decreto prev\u00ea ao infrator a aplica\u00e7\u00e3o de multa prevista no Art. 187 do C\u00f3digo Brasileiro de Tr\u00e2nsito e restitui\u00e7\u00e3o dos danos causados \u00e0s estradas.<br>A publica\u00e7\u00e3o do Decreto 827\/2023 \u00e9 vista como um importante avan\u00e7o na gest\u00e3o do tr\u00e1fego nas estradas rurais de Mallet. Ele reflete o compromisso da administra\u00e7\u00e3o municipal em promover a seguran\u00e7a dos cidad\u00e3os e a preserva\u00e7\u00e3o do patrim\u00f4nio p\u00fablico.<\/p>\n\n\n\n<p>O Prefeito Moacir, ao assinar o decreto, destacou a import\u00e2ncia de equilibrar o desenvolvimento econ\u00f4mico com a conserva\u00e7\u00e3o da infraestrutura das estradas. Ele ressaltou que a regulamenta\u00e7\u00e3o do tr\u00e1fego de ve\u00edculos pesados em dias de chuva contribuir\u00e1 para a sustentabilidade do munic\u00edpio a longo prazo.<br>A expectativa \u00e9 que o Decreto 827\/2023 seja amplamente divulgado e respeitado por todos os envolvidos, contribuindo para a seguran\u00e7a, preserva\u00e7\u00e3o das estradas rurais e o bem-estar da comunidade de Mallet\/PR.<\/p>\n\n\n\n<figure class=\"wp-block-image size-full\"><img decoding=\"async\" src=\"https:\/\/radiostudiow.com.br\/site\/wp-content\/uploads\/2022\/05\/NUTRI-MALLET.jpg\" alt=\"\" class=\"wp-image-7282\"\/><\/figure>\n","protected":false},"excerpt":{"rendered":"<p>Com a nova Lei, fica proibido ve\u00edculos com cargas acima de 7 toneladas a circularem em dias de chuvas\u00a0nas estradas do interior de Mallet. Em um importante passo para a preserva\u00e7\u00e3o das estradas rurais e a seguran\u00e7a da popula\u00e7\u00e3o, o Prefeito Moacir Alfredo Szinvelski decretou, junto a Prefeitura Municipal de Mallet, no Paran\u00e1, e publicou [&hellip;]<\/p>\n","protected":false},"author":2,"featured_media":16191,"comment_status":"open","ping_status":"open","sticky":false,"template":"","format":"standard","meta":{"footnotes":""},"categories":[184],"tags":[172],"class_list":["post-16190","post","type-post","status-publish","format-standard","has-post-thumbnail","hentry","category-local","tag-featured"],"amp_enabled":true,"_links":{"self":[{"href":"https:\/\/radiostudiow.com.br\/site\/wp-json\/wp\/v2\/posts\/16190","targetHints":{"allow":["GET"]}}],"collection":[{"href":"https:\/\/radiostudiow.com.br\/site\/wp-json\/wp\/v2\/posts"}],"about":[{"href":"https:\/\/radiostudiow.com.br\/site\/wp-json\/wp\/v2\/types\/post"}],"author":[{"embeddable":true,"href":"https:\/\/radiostudiow.com.br\/site\/wp-json\/wp\/v2\/users\/2"}],"replies":[{"embeddable":true,"href":"https:\/\/radiostudiow.com.br\/site\/wp-json\/wp\/v2\/comments?post=16190"}],"version-history":[{"count":3,"href":"https:\/\/radiostudiow.com.br\/site\/wp-json\/wp\/v2\/posts\/16190\/revisions"}],"predecessor-version":[{"id":16195,"href":"https:\/\/radiostudiow.com.br\/site\/wp-json\/wp\/v2\/posts\/16190\/revisions\/16195"}],"wp:featuredmedia":[{"embeddable":true,"href":"https:\/\/radiostudiow.com.br\/site\/wp-json\/wp\/v2\/media\/16191"}],"wp:attachment":[{"href":"https:\/\/radiostudiow.com.br\/site\/wp-json\/wp\/v2\/media?parent=16190"}],"wp:term":[{"taxonomy":"category","embeddable":true,"href":"https:\/\/radiostudiow.com.br\/site\/wp-json\/wp\/v2\/categories?post=16190"},{"taxonomy":"post_tag","embeddable":true,"href":"https:\/\/radiostudiow.com.br\/site\/wp-json\/wp\/v2\/tags?post=16190"}],"curies":[{"name":"wp","href":"https:\/\/api.w.org\/{rel}","templated":true}]}}