{"id":16200,"date":"2023-10-21T11:19:12","date_gmt":"2023-10-21T14:19:12","guid":{"rendered":"https:\/\/radiostudiow.com.br\/site\/?p=16200"},"modified":"2025-01-31T15:02:37","modified_gmt":"2025-01-31T18:02:37","slug":"inicio-das-obras-na-br-476-em-uniao-da-vitoria","status":"publish","type":"post","link":"https:\/\/radiostudiow.com.br\/site\/2023\/10\/21\/inicio-das-obras-na-br-476-em-uniao-da-vitoria\/","title":{"rendered":"INICIARAM AS OBRAS NA BR-476 EM UNI\u00c3O DA VIT\u00d3RIA"},"content":{"rendered":"\n<figure class=\"wp-block-image size-full\"><img decoding=\"async\" src=\"https:\/\/radiostudiow.com.br\/site\/wp-content\/uploads\/2023\/05\/image-2.png\" alt=\"\" class=\"wp-image-12867\"\/><\/figure>\n\n\n\n<p>As obras de recupera\u00e7\u00e3o emergencial no trecho danificado da BR-476 em Uni\u00e3o da Vit\u00f3ria, devido \u00e0s fortes chuvas do dia 8 de outubro de 2023, tiveram in\u00edcio \u00e0s neste s\u00e1bado, 21 de outubro, com a expectativa de serem conclu\u00eddas em 15 dias, desde que as condi\u00e7\u00f5es clim\u00e1ticas sejam favor\u00e1veis.<\/p>\n\n\n\n<p>De acordo com Cl\u00e9verson Masnik, engenheiro e respons\u00e1vel pela empresa Engemass, que venceu a licita\u00e7\u00e3o,\u00a0o trabalho seguir\u00e1 em ritmo acelerado, 24 horas por dia, de forma cont\u00ednua.<\/p>\n\n\n\n<p>Tr\u00eas equipes estar\u00e3o em revezamento de turno, e para garantir que o servi\u00e7o n\u00e3o pare, um sistema de ilumina\u00e7\u00e3o est\u00e1 sendo instalado no local.<\/p>\n\n\n\n<figure class=\"wp-block-image size-full\"><img loading=\"lazy\" decoding=\"async\" width=\"720\" height=\"480\" src=\"https:\/\/radiostudiow.com.br\/site\/wp-content\/uploads\/2023\/10\/WhatsApp-Image-2023-10-21-at-09.48.49-720x480-1.jpeg\" alt=\"\" class=\"wp-image-16201\" srcset=\"https:\/\/radiostudiow.com.br\/site\/wp-content\/uploads\/2023\/10\/WhatsApp-Image-2023-10-21-at-09.48.49-720x480-1.jpeg 720w, https:\/\/radiostudiow.com.br\/site\/wp-content\/uploads\/2023\/10\/WhatsApp-Image-2023-10-21-at-09.48.49-720x480-1-300x200.jpeg 300w\" sizes=\"auto, (max-width: 720px) 100vw, 720px\" \/><\/figure>\n\n\n\n<figure class=\"wp-block-image size-full\"><img decoding=\"async\" src=\"https:\/\/radiostudiow.com.br\/site\/wp-content\/uploads\/2023\/08\/image-127.png\" alt=\"\" class=\"wp-image-14660\"\/><\/figure>\n\n\n\n<p>No primeiro dia, 10 m\u00e1quinas j\u00e1 est\u00e3o realizando o nivelamento e a abertura da \u00e1rea que cedeu. Posteriormente, ser\u00e1 feito um aterro em rocha, enquanto outra equipe se encarregar\u00e1 do sistema de drenagem, incluindo a constru\u00e7\u00e3o de dois novos bueiros, uma vez que os antigos foram danificados. Ap\u00f3s a conclus\u00e3o dessa etapa, o asfaltamento ser\u00e1 realizado.<\/p>\n\n\n\n<p>Para a execu\u00e7\u00e3o completa da obra, ser\u00e3o utilizadas 40 m\u00e1quinas e contar\u00e3o com a m\u00e3o de obra de 60 funcion\u00e1rios.<\/p>\n\n\n\n<figure class=\"wp-block-video\"><video controls src=\"https:\/\/radiostudiow.com.br\/site\/wp-content\/uploads\/2023\/10\/WhatsApp-Video-2023-10-21-at-09.47.22-1.mp4\"><\/video><\/figure>\n","protected":false},"excerpt":{"rendered":"<p>As obras de recupera\u00e7\u00e3o emergencial no trecho danificado da BR-476 em Uni\u00e3o da Vit\u00f3ria, devido \u00e0s fortes chuvas do dia 8 de outubro de 2023, tiveram in\u00edcio \u00e0s neste s\u00e1bado, 21 de outubro, com a expectativa de serem conclu\u00eddas em 15 dias, desde que as condi\u00e7\u00f5es clim\u00e1ticas sejam favor\u00e1veis. De acordo com Cl\u00e9verson Masnik, engenheiro [&hellip;]<\/p>\n","protected":false},"author":2,"featured_media":16202,"comment_status":"open","ping_status":"open","sticky":false,"template":"","format":"standard","meta":{"footnotes":""},"categories":[185],"tags":[172],"class_list":["post-16200","post","type-post","status-publish","format-standard","has-post-thumbnail","hentry","category-regional","tag-featured"],"amp_enabled":true,"_links":{"self":[{"href":"https:\/\/radiostudiow.com.br\/site\/wp-json\/wp\/v2\/posts\/16200","targetHints":{"allow":["GET"]}}],"collection":[{"href":"https:\/\/radiostudiow.com.br\/site\/wp-json\/wp\/v2\/posts"}],"about":[{"href":"https:\/\/radiostudiow.com.br\/site\/wp-json\/wp\/v2\/types\/post"}],"author":[{"embeddable":true,"href":"https:\/\/radiostudiow.com.br\/site\/wp-json\/wp\/v2\/users\/2"}],"replies":[{"embeddable":true,"href":"https:\/\/radiostudiow.com.br\/site\/wp-json\/wp\/v2\/comments?post=16200"}],"version-history":[{"count":3,"href":"https:\/\/radiostudiow.com.br\/site\/wp-json\/wp\/v2\/posts\/16200\/revisions"}],"predecessor-version":[{"id":33535,"href":"https:\/\/radiostudiow.com.br\/site\/wp-json\/wp\/v2\/posts\/16200\/revisions\/33535"}],"wp:featuredmedia":[{"embeddable":true,"href":"https:\/\/radiostudiow.com.br\/site\/wp-json\/wp\/v2\/media\/16202"}],"wp:attachment":[{"href":"https:\/\/radiostudiow.com.br\/site\/wp-json\/wp\/v2\/media?parent=16200"}],"wp:term":[{"taxonomy":"category","embeddable":true,"href":"https:\/\/radiostudiow.com.br\/site\/wp-json\/wp\/v2\/categories?post=16200"},{"taxonomy":"post_tag","embeddable":true,"href":"https:\/\/radiostudiow.com.br\/site\/wp-json\/wp\/v2\/tags?post=16200"}],"curies":[{"name":"wp","href":"https:\/\/api.w.org\/{rel}","templated":true}]}}