{"id":16215,"date":"2023-10-23T09:54:30","date_gmt":"2023-10-23T12:54:30","guid":{"rendered":"https:\/\/radiostudiow.com.br\/site\/?p=16215"},"modified":"2025-01-31T15:02:37","modified_gmt":"2025-01-31T18:02:37","slug":"tres-pessoas-ficam-feridas-apos-acidente-entre-veiculos-na-br-476-em-sao-mateus-do-sul","status":"publish","type":"post","link":"https:\/\/radiostudiow.com.br\/site\/2023\/10\/23\/tres-pessoas-ficam-feridas-apos-acidente-entre-veiculos-na-br-476-em-sao-mateus-do-sul\/","title":{"rendered":"TR\u00caS PESSOAS FICAM FERIDAS AP\u00d3S ACIDENTE ENTRE VE\u00cdCULOS NA BR-476 EM S\u00c3O MATEUS DO SUL"},"content":{"rendered":"\n<p>O Corpo de Bombeiros e o Samu de S\u00e3o Mateus do Sul atenderam na noite deste domingo, 22 de Outubro, a um acidente envolvendo dois ve\u00edculos na BR-476, na altura do quil\u00f4metro 280, pr\u00f3ximo ao Posto Tri\u00e2ngulo envolveu um Fiat Uno e e um Fiat\/Siena.<\/p>\n\n\n\n<figure class=\"wp-block-image size-full\"><img decoding=\"async\" src=\"https:\/\/radiostudiow.com.br\/site\/wp-content\/uploads\/2023\/10\/image-39.png\" alt=\"\" class=\"wp-image-16025\"\/><\/figure>\n\n\n\n<p>Segundo informa\u00e7\u00f5es, tr\u00eas pessoas ficaram feridas, sendo que duas que estavam no Uno foram atendidas pelos bombeiros e uma terceira v\u00edtima do Siena, foi socorrida pelo Samu, ao Pronto Atendimento Municipal.<\/p>\n\n\n\n<p>Os ve\u00edculos permaneceram na pista, sendo necess\u00e1rio o afastamento para lateral, para liberar o tr\u00e2nsito.<\/p>\n","protected":false},"excerpt":{"rendered":"<p>O Corpo de Bombeiros e o Samu de S\u00e3o Mateus do Sul atenderam na noite deste domingo, 22 de Outubro, a um acidente envolvendo dois ve\u00edculos na BR-476, na altura do quil\u00f4metro 280, pr\u00f3ximo ao Posto Tri\u00e2ngulo envolveu um Fiat Uno e e um Fiat\/Siena. Segundo informa\u00e7\u00f5es, tr\u00eas pessoas ficaram feridas, sendo que duas que [&hellip;]<\/p>\n","protected":false},"author":2,"featured_media":16216,"comment_status":"open","ping_status":"open","sticky":false,"template":"","format":"standard","meta":{"footnotes":""},"categories":[185],"tags":[172],"class_list":["post-16215","post","type-post","status-publish","format-standard","has-post-thumbnail","hentry","category-regional","tag-featured"],"amp_enabled":true,"_links":{"self":[{"href":"https:\/\/radiostudiow.com.br\/site\/wp-json\/wp\/v2\/posts\/16215","targetHints":{"allow":["GET"]}}],"collection":[{"href":"https:\/\/radiostudiow.com.br\/site\/wp-json\/wp\/v2\/posts"}],"about":[{"href":"https:\/\/radiostudiow.com.br\/site\/wp-json\/wp\/v2\/types\/post"}],"author":[{"embeddable":true,"href":"https:\/\/radiostudiow.com.br\/site\/wp-json\/wp\/v2\/users\/2"}],"replies":[{"embeddable":true,"href":"https:\/\/radiostudiow.com.br\/site\/wp-json\/wp\/v2\/comments?post=16215"}],"version-history":[{"count":1,"href":"https:\/\/radiostudiow.com.br\/site\/wp-json\/wp\/v2\/posts\/16215\/revisions"}],"predecessor-version":[{"id":16217,"href":"https:\/\/radiostudiow.com.br\/site\/wp-json\/wp\/v2\/posts\/16215\/revisions\/16217"}],"wp:featuredmedia":[{"embeddable":true,"href":"https:\/\/radiostudiow.com.br\/site\/wp-json\/wp\/v2\/media\/16216"}],"wp:attachment":[{"href":"https:\/\/radiostudiow.com.br\/site\/wp-json\/wp\/v2\/media?parent=16215"}],"wp:term":[{"taxonomy":"category","embeddable":true,"href":"https:\/\/radiostudiow.com.br\/site\/wp-json\/wp\/v2\/categories?post=16215"},{"taxonomy":"post_tag","embeddable":true,"href":"https:\/\/radiostudiow.com.br\/site\/wp-json\/wp\/v2\/tags?post=16215"}],"curies":[{"name":"wp","href":"https:\/\/api.w.org\/{rel}","templated":true}]}}