{"id":16218,"date":"2023-10-23T09:58:09","date_gmt":"2023-10-23T12:58:09","guid":{"rendered":"https:\/\/radiostudiow.com.br\/site\/?p=16218"},"modified":"2025-01-31T15:02:37","modified_gmt":"2025-01-31T18:02:37","slug":"homem-de-46-anos-fica-gravamente-ferido-apos-ser-atropelado-na-br-476-em-sao-mateus-do-sul","status":"publish","type":"post","link":"https:\/\/radiostudiow.com.br\/site\/2023\/10\/23\/homem-de-46-anos-fica-gravamente-ferido-apos-ser-atropelado-na-br-476-em-sao-mateus-do-sul\/","title":{"rendered":"HOMEM DE 46 ANOS FICA GRAVAMENTE FERIDO AP\u00d3S SER ATROPELADO NA BR-476 EM S\u00c3O MATEUS DO SUL"},"content":{"rendered":"\n<p>Um homem de 46 anos ficou gravemente ferido ap\u00f3s ser atropelado por um ve\u00edculo, na BR-476, na regi\u00e3o do Lajeadinho, em S\u00e3o Mateus do Sul na manh\u00e3 deste domingo (22).<\/p>\n\n\n\n<figure class=\"wp-block-image size-full\"><img decoding=\"async\" src=\"https:\/\/radiostudiow.com.br\/site\/wp-content\/uploads\/2023\/08\/image-125.png\" alt=\"\" class=\"wp-image-14658\"\/><\/figure>\n\n\n\n<p>Segundo informa\u00e7\u00f5es do Corpo de Bombeiros, a v\u00edtima foi encontrada em dec\u00fabito lateral direito, fora da pista de rolamento, apresentando v\u00e1rias escoria\u00e7\u00f5es e contus\u00f5es pelo corpo. O carro envolvido no acidente tamb\u00e9m encontrava-se fora da pista e o condutor estava no local, sem ferimentos.<\/p>\n\n\n\n<p>O Corpo de Bombeiros socorreu e encaminhou a v\u00edtima ao Pronto Atendimento Municipal de S\u00e3o Mateus do Sul.<\/p>\n","protected":false},"excerpt":{"rendered":"<p>Um homem de 46 anos ficou gravemente ferido ap\u00f3s ser atropelado por um ve\u00edculo, na BR-476, na regi\u00e3o do Lajeadinho, em S\u00e3o Mateus do Sul na manh\u00e3 deste domingo (22). Segundo informa\u00e7\u00f5es do Corpo de Bombeiros, a v\u00edtima foi encontrada em dec\u00fabito lateral direito, fora da pista de rolamento, apresentando v\u00e1rias escoria\u00e7\u00f5es e contus\u00f5es pelo [&hellip;]<\/p>\n","protected":false},"author":2,"featured_media":15529,"comment_status":"open","ping_status":"open","sticky":false,"template":"","format":"standard","meta":{"footnotes":""},"categories":[185],"tags":[172],"class_list":["post-16218","post","type-post","status-publish","format-standard","has-post-thumbnail","hentry","category-regional","tag-featured"],"amp_enabled":true,"_links":{"self":[{"href":"https:\/\/radiostudiow.com.br\/site\/wp-json\/wp\/v2\/posts\/16218","targetHints":{"allow":["GET"]}}],"collection":[{"href":"https:\/\/radiostudiow.com.br\/site\/wp-json\/wp\/v2\/posts"}],"about":[{"href":"https:\/\/radiostudiow.com.br\/site\/wp-json\/wp\/v2\/types\/post"}],"author":[{"embeddable":true,"href":"https:\/\/radiostudiow.com.br\/site\/wp-json\/wp\/v2\/users\/2"}],"replies":[{"embeddable":true,"href":"https:\/\/radiostudiow.com.br\/site\/wp-json\/wp\/v2\/comments?post=16218"}],"version-history":[{"count":1,"href":"https:\/\/radiostudiow.com.br\/site\/wp-json\/wp\/v2\/posts\/16218\/revisions"}],"predecessor-version":[{"id":16219,"href":"https:\/\/radiostudiow.com.br\/site\/wp-json\/wp\/v2\/posts\/16218\/revisions\/16219"}],"wp:featuredmedia":[{"embeddable":true,"href":"https:\/\/radiostudiow.com.br\/site\/wp-json\/wp\/v2\/media\/15529"}],"wp:attachment":[{"href":"https:\/\/radiostudiow.com.br\/site\/wp-json\/wp\/v2\/media?parent=16218"}],"wp:term":[{"taxonomy":"category","embeddable":true,"href":"https:\/\/radiostudiow.com.br\/site\/wp-json\/wp\/v2\/categories?post=16218"},{"taxonomy":"post_tag","embeddable":true,"href":"https:\/\/radiostudiow.com.br\/site\/wp-json\/wp\/v2\/tags?post=16218"}],"curies":[{"name":"wp","href":"https:\/\/api.w.org\/{rel}","templated":true}]}}