{"id":16228,"date":"2023-10-23T17:03:40","date_gmt":"2023-10-23T20:03:40","guid":{"rendered":"https:\/\/radiostudiow.com.br\/site\/?p=16228"},"modified":"2025-01-31T15:02:37","modified_gmt":"2025-01-31T18:02:37","slug":"motorista-de-22-anos-e-socorrido-pelo-corpo-de-bombeiros-apos-acidente-em-sao-mateus-do-sul","status":"publish","type":"post","link":"https:\/\/radiostudiow.com.br\/site\/2023\/10\/23\/motorista-de-22-anos-e-socorrido-pelo-corpo-de-bombeiros-apos-acidente-em-sao-mateus-do-sul\/","title":{"rendered":"MOTORISTA DE 22 ANOS \u00c9 SOCORRIDO PELO CORPO DE BOMBEIROS AP\u00d3S ACIDENTE EM S\u00c3O MATEUS DO SUL"},"content":{"rendered":"\n<p>Um jovem de 22 anos sofreu ferimentos leves ap\u00f3s se envolver em um acidente do tipo capotamento, na PR-151, na regi\u00e3o de S\u00e3o Miguel da Roseira em S\u00e3o Mateus do Sul por volta de 18:40 horas deste domingo (22).<\/p>\n\n\n\n<figure class=\"wp-block-image size-full\"><img decoding=\"async\" src=\"https:\/\/radiostudiow.com.br\/site\/wp-content\/uploads\/2023\/08\/image-125.png\" alt=\"\" class=\"wp-image-14658\"\/><\/figure>\n\n\n\n<p>A equipe foi acionada para atender a ocorr\u00eancia, localizando a v\u00edtima consciente e orientada, sentada do lado de fora do ve\u00edculo, apresentando contus\u00f5es em cr\u00e2nio e t\u00f3rax e escoria\u00e7\u00f5es na perna esquerda, informando que havia sa\u00eddo do carro por meios pr\u00f3prios.<\/p>\n\n\n\n<p>Ele foi socorrido e encaminhado pelos bombeiros ao Pronto Atendimento Municipal. Ainda segundo populares, outras duas pessoas que estavam no carro, foram retiradas por terceiros e levadas ao Pronto Atendimento Municipal.<\/p>\n\n\n\n<p>O carro encontrava-se em uma vala fora da rodovia, n\u00e3o sendo poss\u00edvel identificar o mesmo, pois as placas n\u00e3o foram localizadas e nem o documento do mesmo.<\/p>\n\n\n\n<figure class=\"wp-block-image size-full\"><img decoding=\"async\" src=\"https:\/\/radiostudiow.com.br\/site\/wp-content\/uploads\/2022\/06\/WRNET.jpg\" alt=\"\" class=\"wp-image-7827\"\/><\/figure>\n","protected":false},"excerpt":{"rendered":"<p>Um jovem de 22 anos sofreu ferimentos leves ap\u00f3s se envolver em um acidente do tipo capotamento, na PR-151, na regi\u00e3o de S\u00e3o Miguel da Roseira em S\u00e3o Mateus do Sul por volta de 18:40 horas deste domingo (22). A equipe foi acionada para atender a ocorr\u00eancia, localizando a v\u00edtima consciente e orientada, sentada do [&hellip;]<\/p>\n","protected":false},"author":2,"featured_media":9698,"comment_status":"open","ping_status":"open","sticky":false,"template":"","format":"standard","meta":{"footnotes":""},"categories":[185],"tags":[172],"class_list":["post-16228","post","type-post","status-publish","format-standard","has-post-thumbnail","hentry","category-regional","tag-featured"],"amp_enabled":true,"_links":{"self":[{"href":"https:\/\/radiostudiow.com.br\/site\/wp-json\/wp\/v2\/posts\/16228","targetHints":{"allow":["GET"]}}],"collection":[{"href":"https:\/\/radiostudiow.com.br\/site\/wp-json\/wp\/v2\/posts"}],"about":[{"href":"https:\/\/radiostudiow.com.br\/site\/wp-json\/wp\/v2\/types\/post"}],"author":[{"embeddable":true,"href":"https:\/\/radiostudiow.com.br\/site\/wp-json\/wp\/v2\/users\/2"}],"replies":[{"embeddable":true,"href":"https:\/\/radiostudiow.com.br\/site\/wp-json\/wp\/v2\/comments?post=16228"}],"version-history":[{"count":1,"href":"https:\/\/radiostudiow.com.br\/site\/wp-json\/wp\/v2\/posts\/16228\/revisions"}],"predecessor-version":[{"id":16229,"href":"https:\/\/radiostudiow.com.br\/site\/wp-json\/wp\/v2\/posts\/16228\/revisions\/16229"}],"wp:featuredmedia":[{"embeddable":true,"href":"https:\/\/radiostudiow.com.br\/site\/wp-json\/wp\/v2\/media\/9698"}],"wp:attachment":[{"href":"https:\/\/radiostudiow.com.br\/site\/wp-json\/wp\/v2\/media?parent=16228"}],"wp:term":[{"taxonomy":"category","embeddable":true,"href":"https:\/\/radiostudiow.com.br\/site\/wp-json\/wp\/v2\/categories?post=16228"},{"taxonomy":"post_tag","embeddable":true,"href":"https:\/\/radiostudiow.com.br\/site\/wp-json\/wp\/v2\/tags?post=16228"}],"curies":[{"name":"wp","href":"https:\/\/api.w.org\/{rel}","templated":true}]}}