{"id":16271,"date":"2023-10-24T20:24:06","date_gmt":"2023-10-24T23:24:06","guid":{"rendered":"https:\/\/radiostudiow.com.br\/site\/?p=16271"},"modified":"2025-01-31T15:02:36","modified_gmt":"2025-01-31T18:02:36","slug":"copel-destaca-equipes-de-barco-para-religamento-de-energia","status":"publish","type":"post","link":"https:\/\/radiostudiow.com.br\/site\/2023\/10\/24\/copel-destaca-equipes-de-barco-para-religamento-de-energia\/","title":{"rendered":"COPEL DESTACA EQUIPES DE BARCO PARA RELIGAMENTO DE ENERGIA"},"content":{"rendered":"\n<p>A Copel destacou tr\u00eas equipes de barco, al\u00e9m dos profissionais em deslocamento por terra, para fazer a religa\u00e7\u00e3o dos domic\u00edlios que foram evacuados e tiveram a energia desligada por quest\u00f5es de seguran\u00e7a, em localidades atingidas pela cheia nas proximidades do Rio Igua\u00e7u em Uni\u00e3o da Vit\u00f3ria e Porto Uni\u00e3o.<\/p>\n\n\n\n<figure class=\"wp-block-image size-full\"><img decoding=\"async\" src=\"https:\/\/radiostudiow.com.br\/site\/wp-content\/uploads\/2023\/08\/image-125.png\" alt=\"\" class=\"wp-image-14658\"\/><\/figure>\n\n\n\n<p>A empresa est\u00e1 monitorando as varia\u00e7\u00f5es no n\u00edvel da \u00e1gua, que est\u00e1 em 7,97m. Entretanto, a religa\u00e7\u00e3o depende de condi\u00e7\u00f5es estritamente seguras para ser realizada em cada localidade. O trabalho ser\u00e1 feito em etapas, a partir do momento em que todos os domic\u00edlios atendidos por cada circuito de baixa tens\u00e3o estiverem livres de alagamento na altura dos rel\u00f3gios, e ap\u00f3s a inspe\u00e7\u00e3o das redes que passam nas ruas. As equipes seguem atentas \u00e0s previs\u00f5es de novas chuvas para a regi\u00e3o.<\/p>\n\n\n\n<figure class=\"wp-block-image size-full\"><img loading=\"lazy\" decoding=\"async\" width=\"450\" height=\"600\" src=\"https:\/\/radiostudiow.com.br\/site\/wp-content\/uploads\/2023\/10\/image-136.png\" alt=\"\" class=\"wp-image-16273\" srcset=\"https:\/\/radiostudiow.com.br\/site\/wp-content\/uploads\/2023\/10\/image-136.png 450w, https:\/\/radiostudiow.com.br\/site\/wp-content\/uploads\/2023\/10\/image-136-225x300.png 225w\" sizes=\"auto, (max-width: 450px) 100vw, 450px\" \/><\/figure>\n","protected":false},"excerpt":{"rendered":"<p>A Copel destacou tr\u00eas equipes de barco, al\u00e9m dos profissionais em deslocamento por terra, para fazer a religa\u00e7\u00e3o dos domic\u00edlios que foram evacuados e tiveram a energia desligada por quest\u00f5es de seguran\u00e7a, em localidades atingidas pela cheia nas proximidades do Rio Igua\u00e7u em Uni\u00e3o da Vit\u00f3ria e Porto Uni\u00e3o. A empresa est\u00e1 monitorando as varia\u00e7\u00f5es [&hellip;]<\/p>\n","protected":false},"author":2,"featured_media":16272,"comment_status":"open","ping_status":"open","sticky":false,"template":"","format":"standard","meta":{"footnotes":""},"categories":[185],"tags":[172],"class_list":["post-16271","post","type-post","status-publish","format-standard","has-post-thumbnail","hentry","category-regional","tag-featured"],"amp_enabled":true,"_links":{"self":[{"href":"https:\/\/radiostudiow.com.br\/site\/wp-json\/wp\/v2\/posts\/16271","targetHints":{"allow":["GET"]}}],"collection":[{"href":"https:\/\/radiostudiow.com.br\/site\/wp-json\/wp\/v2\/posts"}],"about":[{"href":"https:\/\/radiostudiow.com.br\/site\/wp-json\/wp\/v2\/types\/post"}],"author":[{"embeddable":true,"href":"https:\/\/radiostudiow.com.br\/site\/wp-json\/wp\/v2\/users\/2"}],"replies":[{"embeddable":true,"href":"https:\/\/radiostudiow.com.br\/site\/wp-json\/wp\/v2\/comments?post=16271"}],"version-history":[{"count":1,"href":"https:\/\/radiostudiow.com.br\/site\/wp-json\/wp\/v2\/posts\/16271\/revisions"}],"predecessor-version":[{"id":16274,"href":"https:\/\/radiostudiow.com.br\/site\/wp-json\/wp\/v2\/posts\/16271\/revisions\/16274"}],"wp:featuredmedia":[{"embeddable":true,"href":"https:\/\/radiostudiow.com.br\/site\/wp-json\/wp\/v2\/media\/16272"}],"wp:attachment":[{"href":"https:\/\/radiostudiow.com.br\/site\/wp-json\/wp\/v2\/media?parent=16271"}],"wp:term":[{"taxonomy":"category","embeddable":true,"href":"https:\/\/radiostudiow.com.br\/site\/wp-json\/wp\/v2\/categories?post=16271"},{"taxonomy":"post_tag","embeddable":true,"href":"https:\/\/radiostudiow.com.br\/site\/wp-json\/wp\/v2\/tags?post=16271"}],"curies":[{"name":"wp","href":"https:\/\/api.w.org\/{rel}","templated":true}]}}