{"id":16275,"date":"2023-10-24T20:38:17","date_gmt":"2023-10-24T23:38:17","guid":{"rendered":"https:\/\/radiostudiow.com.br\/site\/?p=16275"},"modified":"2025-01-31T15:02:36","modified_gmt":"2025-01-31T18:02:36","slug":"asfalto-novo-vida-nova-governador-libera-r-453-milhoes-para-11-municipios","status":"publish","type":"post","link":"https:\/\/radiostudiow.com.br\/site\/2023\/10\/24\/asfalto-novo-vida-nova-governador-libera-r-453-milhoes-para-11-municipios\/","title":{"rendered":"ASFALTO NOVO, VIDA NOVA: GOVERNADOR LIBERA R$ 45,3 MILH\u00d5ES PARA 11 MUNIC\u00cdPIOS"},"content":{"rendered":"\n<p>Os recursos ser\u00e3o utilizados para pavimentar as vias urbanas, al\u00e9m da implanta\u00e7\u00e3o de cal\u00e7amentos com acessibilidade e instala\u00e7\u00e3o de ilumina\u00e7\u00e3o em LED. Como contrapartida, os munic\u00edpios v\u00e3o investir um total de R$ 3 milh\u00f5es.<\/p>\n\n\n\n<p>O governador Carlos Massa Ratinho Junior assinou nesta ter\u00e7a-feira (24) a libera\u00e7\u00e3o de R$ 45,3 milh\u00f5es para 11 munic\u00edpios por meio do programa Asfalto Novo, Vida Nova. Os recursos ser\u00e3o utilizados para pavimentar as vias urbanas, al\u00e9m da implanta\u00e7\u00e3o de cal\u00e7amentos com acessibilidade e instala\u00e7\u00e3o de ilumina\u00e7\u00e3o em LED. Como contrapartida, os munic\u00edpios v\u00e3o investir um total de R$ 3 milh\u00f5es.<\/p>\n\n\n\n<figure class=\"wp-block-image size-full\"><img decoding=\"async\" src=\"https:\/\/radiostudiow.com.br\/site\/wp-content\/uploads\/2021\/02\/SICREDI.jpg\" alt=\"\" class=\"wp-image-682\"\/><\/figure>\n\n\n\n<p>Com os recursos, Marip\u00e1,\u00a0<strong>Paulo Frontin<\/strong>, Santo In\u00e1cio, Maria Helena, Sertaneja, Cruzeiro do Igua\u00e7u, Munhoz de Mello, Corumbata\u00ed do Sul, Sulina, Ourizona e S\u00e3o Manoel do Paran\u00e1 ter\u00e3o todas as vias urbanas pavimentadas.<\/p>\n\n\n\n<blockquote class=\"wp-block-quote is-layout-flow wp-block-quote-is-layout-flow\">\n<p>\u201cCom o programa Asfalto Novo, Vida Nova estamos asfaltando 100% de 160 munic\u00edpios do Paran\u00e1 de uma s\u00f3 vez. Asfaltar ruas \u00e9 levar qualidade de vida para a popula\u00e7\u00e3o, tirar a poeira e a lama da frente da casa das pessoas, \u00e9 deixar a cidade mais bonita, tamb\u00e9m com a instala\u00e7\u00e3o de ilumina\u00e7\u00e3o de LED. Tem ainda cal\u00e7ada para acessibilidade, galeria pluvial e pavimenta\u00e7\u00e3o que s\u00e3o coisas que transformam a vida das pessoas. O asfalto tamb\u00e9m valoriza os im\u00f3veis\u201d, ressalta o governador Ratinho Junior.<\/p>\n<\/blockquote>\n\n\n\n<p>O Asfalto Novo, Vida Nova \u00e9 fruto de uma parceria entre o Governo do Estado, via Secretaria de Cidades, Assembleia Legislativa e as prefeituras. Na primeira fase do programa s\u00e3o investidos R$ 500 milh\u00f5es para pavimentar 100% das ruas de 160 munic\u00edpios do Paran\u00e1 com at\u00e9 7 mil habitantes. Al\u00e9m do asfaltamento das vias urbanas destas cidades, o programa prev\u00ea instala\u00e7\u00e3o de sistema de drenagem de \u00e1guas pluviais, paisagismo, ilumina\u00e7\u00e3o em LED, sinaliza\u00e7\u00e3o e arboriza\u00e7\u00e3o.<\/p>\n\n\n\n<p>Para receber os aportes, as equipes das prefeituras apresentam projetos com suas necessidades ao Governo do Estado, que s\u00e3o analisadas pelo Paranacidade.<\/p>\n\n\n\n<p>O secret\u00e1rio das Cidades, Eduardo Pimentel, afirma que a primeira fase do programa j\u00e1 est\u00e1 chegando ao fim dos conv\u00eanios com os munic\u00edpios. Com isso, as obras v\u00e3o come\u00e7ar nas cidades beneficiadas.<\/p>\n\n\n\n<figure class=\"wp-block-image size-full\"><img decoding=\"async\" src=\"https:\/\/radiostudiow.com.br\/site\/wp-content\/uploads\/2022\/05\/SEPAC.jpg\" alt=\"\" class=\"wp-image-7600\"\/><\/figure>\n\n\n\n<blockquote class=\"wp-block-quote is-layout-flow wp-block-quote-is-layout-flow\">\n<p>\u201cEm breve teremos uma grande quantidade de munic\u00edpios paranaenses sem poeira nem barro, com infraestrutura, galeria de \u00e1gua, cal\u00e7ada e ilumina\u00e7\u00e3o LED. Isso \u00e9 cidadania para os munic\u00edpios\u201d, destaca Pimentel.<\/p>\n<\/blockquote>\n\n\n\n<p>Ainda de acordo com o secret\u00e1rio das Cidades, o Governo do Estado j\u00e1 est\u00e1 se preparando para o lan\u00e7amento da segunda fase do Asfalto Novo, Vida Nova.<\/p>\n\n\n\n<blockquote class=\"wp-block-quote is-layout-flow wp-block-quote-is-layout-flow\">\n<p> \u201cToda as cidades est\u00e3o mobilizadas para mais essa importante a\u00e7\u00e3o que vai investir cada vez mais nos munic\u00edpios do Paran\u00e1\u201d, aponta Pimentel.<\/p>\n<\/blockquote>\n\n\n\n<div class=\"wp-block-buttons is-layout-flex wp-block-buttons-is-layout-flex\">\n<div class=\"wp-block-button\"><a class=\"wp-block-button__link wp-element-button\">PAULO FRONTIN<\/a><\/div>\n<\/div>\n\n\n\n<p>Os investimentos em asfaltamento e cal\u00e7amento em Paulo Frontin, na regi\u00e3o Sul do Paran\u00e1, ser\u00e3o de R$ 5,3 milh\u00f5es, sendo R$ 5 milh\u00f5es do caixa do Estado e R$ 365 do tesouro municipal. Com isso, 100% da \u00e1rea urbana do munic\u00edpio ser\u00e1 pavimentada.<\/p>\n\n\n\n<blockquote class=\"wp-block-quote is-layout-flow wp-block-quote-is-layout-flow\">\n<p>\u201cCom esse recurso, Paulo Frontin vai asfaltar quase 2,6 km de vias. Com isso, vamos avan\u00e7ar muito na pavimenta\u00e7\u00e3o dentro do per\u00edmetro urbano\u201d, afirmou o prefeito Jamil Pech.<\/p>\n<\/blockquote>\n\n\n\n<figure class=\"wp-block-image size-full\"><img decoding=\"async\" src=\"https:\/\/radiostudiow.com.br\/site\/wp-content\/uploads\/2023\/10\/image-137.png\" alt=\"\" class=\"wp-image-16276\"\/><\/figure>\n\n\n\n<figure class=\"wp-block-image size-full\"><img decoding=\"async\" src=\"https:\/\/radiostudiow.com.br\/site\/wp-content\/uploads\/2023\/10\/image-39.png\" alt=\"\" class=\"wp-image-16025\"\/><\/figure>\n\n\n\n<p><strong>OURIZONA<\/strong><\/p>\n\n\n\n<p>O maior repasse estadual assinado nesta ter\u00e7a-feira ser\u00e1 destinado a Ourizona, no Noroeste do Paran\u00e1. S\u00e3o R$ 5,4 milh\u00f5es, sendo R$ 5 milh\u00f5es para pavimenta\u00e7\u00e3o e R$ 432 mil para instala\u00e7\u00e3o da ilumina\u00e7\u00e3o em LED. Como contrapartida, o munic\u00edpio de 3,1 mil moradores vai investir R$ 377 mil em asfaltamento e ilumina\u00e7\u00e3o.<\/p>\n\n\n\n<p>\u201cEsse \u00e9 um programa muito importante, muito aguardado pela popula\u00e7\u00e3o, que, com certeza, vai levar mobilidade e infraestrutura para nossa cidade, para bairros que infelizmente n\u00e3o conseguimos fazer com recursos pr\u00f3prios. O Governo do Estado prontamente nos atendeu e \u00e9 um momento de muita alegria, disse o prefeito Rodrigo Amado.<\/p>\n\n\n\n<p><strong>SULINA<\/strong><\/p>\n\n\n\n<p>Para Sulina, no Sudoeste, o investimento estadual ser\u00e1 de R$ 5,3 milh\u00f5es, sendo R$ 5 milh\u00f5es para asfaltamento das ruas e R$ 370 mil para ilumina\u00e7\u00e3o, com contrapartida municipal de R$ 423 mil.<\/p>\n\n\n\n<p>\u201cSem esse aporte do Governo o munic\u00edpio jamais teria condi\u00e7\u00f5es de fazer a pavimenta\u00e7\u00e3o para atender as fam\u00edlias desses bairros. Com asfalto, a popula\u00e7\u00e3o ganha em tudo: qualidade de vida, infraestrutura, desenvolvimento da regi\u00e3o e valoriza\u00e7\u00e3o dos im\u00f3veis\u201d, afirmou o prefeito Paulo Horn.<\/p>\n\n\n\n<p><strong>CORUMBATA\u00cd DO SUL<\/strong><\/p>\n\n\n\n<p>Com 3,7 mil habitantes, Corumbata\u00ed do Sul, na regi\u00e3o Centro-Oeste, vai receber R$ 5 milh\u00f5es do Governo do Estado para executar as obras de pavimenta\u00e7\u00e3o e R$ 295 mil para instala\u00e7\u00e3o de LED. Com o caixa municipal, a prefeitura vai investir R$ 832 mil.<\/p>\n\n\n\n<p>\u201cCom esse investimento, ser\u00e3o 25 quadras asfaltadas, o que representa uma avan\u00e7o muito grande para nosso munic\u00edpio\u201d, explicou o prefeito Alexandre Donato.<\/p>\n\n\n\n<p><strong>MARIA HELENA<\/strong><\/p>\n\n\n\n<p>Para asfaltar a \u00e1rea urbana e instalar ilumina\u00e7\u00e3o em LED em todas as ruas que ainda n\u00e3o t\u00eam essa infraestrutura, o munic\u00edpio de Maria Helena, no Noroeste, vai receber um repasse estadual de R$ 5,2 milh\u00f5es. A prefeitura, por outro lado, vai investir R$ 565 mil em pavimenta\u00e7\u00e3o.<\/p>\n\n\n\n<p>\u201cNosso munic\u00edpio de Maria Helena \u00e9 carente, principalmente em pavimenta\u00e7\u00e3o asf\u00e1ltica. E, com esse projeto, o munic\u00edpio vai ficar praticamente todo asfaltado\u201d, disse o prefeito Marlon Marques.<\/p>\n\n\n\n<p><strong>CRUZEIRO DO IGUA\u00c7U<\/strong><\/p>\n\n\n\n<p>Para Cruzeiro do Igua\u00e7u, no Sudoeste, o investimento estadual para asfaltamento ser\u00e1 de R$ 5 milh\u00f5es, com contrapartida municipal de R$ 310 mil.<\/p>\n\n\n\n<p>\u201cA popula\u00e7\u00e3o de Cruzeiro do Igua\u00e7u vem reivindicando o asfalto h\u00e1 muito tempo. A gente sabe que rua sem pavimenta\u00e7\u00e3o, quando chove, traz lama e, quando n\u00e3o chove, traz poeira. Esse \u00e9 um sonho que vai ser realizado com essa grande obra do Governo\u201d, disse o prefeito Leonir Gelhen.<\/p>\n\n\n\n<p><strong>MARIP\u00c1<\/strong><\/p>\n\n\n\n<p>Na regi\u00e3o Oeste, Marip\u00e1, de 6,5 mil habitantes, ser\u00e1 beneficiada com um aporte de R$ 4,2 milh\u00f5es do Governo do Estado. S\u00e3o R$ 3,1 milh\u00f5es para obras de pavimenta\u00e7\u00e3o asf\u00e1ltica e R$ 1,1 milh\u00e3o para instala\u00e7\u00e3o de ilumina\u00e7\u00e3o.<\/p>\n\n\n\n<p>\u201cEssas obras v\u00e3o trazer dignidade para as fam\u00edlias de Marip\u00e1, porque voc\u00ea tira as pessoas da poeira, o que \u00e9 um sonho antigo da popula\u00e7\u00e3o. O asfalto vai representar comodidade tamb\u00e9m, al\u00e9m de seguran\u00e7a com a ilumina\u00e7\u00e3o\u201d, explicou o prefeito Rodrigo Shanoski.<\/p>\n\n\n\n<p><strong>S\u00c3O MANOEL DO PARAN\u00c1<\/strong><\/p>\n\n\n\n<p>Para acabar com as ruas de terra, S\u00e3o Manoel do Paran\u00e1, no Noroeste, vai receber R$ 3,2 milh\u00f5es do tesouro estadual. As obras na cidade de 2,1 mil moradores tamb\u00e9m contemplam as reformas nas cal\u00e7adas e constru\u00e7\u00e3o de galerias para escoamento da \u00e1gua da chuva.<\/p>\n\n\n\n<p>\u201cEsse investimento \u00e9 de grande import\u00e2ncia, porque com asfalto e toda a infraestrutura voc\u00ea termina com a \u00e1gua que vem da enxurrada, termina com a poeira, ou seja, voc\u00ea realmente melhora a vida das pessoas que moram em um munic\u00edpio pequeno\u201d, disse o prefeito Agnaldo Trevisan.<\/p>\n\n\n\n<p><strong>SANTO IN\u00c1CIO<\/strong><\/p>\n\n\n\n<p>O programa Asfalto Novo, Vida Nova prev\u00ea quase R$ 3,2 milh\u00f5es em investimentos para Santo In\u00e1cio, na regi\u00e3o Norte do Paran\u00e1. Ser\u00e3o R$ 2 milh\u00f5es em aportes estaduais para pavimenta\u00e7\u00e3o. Para a ilumina\u00e7\u00e3o, o Estado vai transferir R$ 1,1 milh\u00e3o, com contrapartida municipal de R$ 149 mil.<\/p>\n\n\n\n<p>\u201cA popula\u00e7\u00e3o de Santo In\u00e1cio vai ficar muito feliz com esse investimento porque \u00e9 uma demanda que o munic\u00edpio espera h\u00e1 uns 50 anos. Nunca ningu\u00e9m pensou naquele entorno que agora vai receber o asfalto\u201d, afirmou a prefeita Geny Violatto.<\/p>\n\n\n\n<p><strong>SERTANEJA<\/strong><\/p>\n\n\n\n<p>O investimento estadual de R$ 2,5 milh\u00f5es para Sertaneja, tamb\u00e9m no Norte do Estado, ser\u00e1 usado para completar o asfaltamento no munic\u00edpio, que tem 5,6 mil habitantes.<\/p>\n\n\n\n<p>\u201cVamos melhorar a qualidade de vida do nosso cidad\u00e3o. E eu garanto que Sertaneja nunca viu um volume de investimentos desse, com recursos destinados para o interior e cidades pequenas\u201d, disse o prefeito Jamison Donizete da Silva.<\/p>\n\n\n\n<p><strong>MUNHOZ DE MELLO<\/strong><\/p>\n\n\n\n<p>Tamb\u00e9m foi assinado o repasse de R$ 870 mil para a pavimenta\u00e7\u00e3o asf\u00e1ltica das ruas urbanas de Munhoz de Mello, na regi\u00e3o Noroeste.<\/p>\n\n\n\n<p>\u201cNossa cidade precisava desse investimento. Nesse momento n\u00e3o s\u00f3 Munhoz de Mello, mas outras cidades pequenas n\u00e3o teriam condi\u00e7\u00f5es de fazer esse investimento. Por isso \u00e9 t\u00e3o importante essa parceria com o Governo do Estado\u201d, afirmou o prefeito Marcondes Ara\u00fajo da Costa.<\/p>\n\n\n\n<p><strong>PRESEN\u00c7AS<\/strong><\/p>\n\n\n\n<p>Tamb\u00e9m participaram do evento de repasse do programa Asfalto Novo, Vida Nova o secret\u00e1rio de Infraestrutura e Log\u00edstica, Sandro Alex, e os deputados Ademar Traiano, presidente da Assembleia Legislativa, Ad\u00e3o Litro, Alexandre Curi, Batatinha, Soldado Adriano, Marcel Micheletto e Anibelli Neto.<\/p>\n","protected":false},"excerpt":{"rendered":"<p>Os recursos ser\u00e3o utilizados para pavimentar as vias urbanas, al\u00e9m da implanta\u00e7\u00e3o de cal\u00e7amentos com acessibilidade e instala\u00e7\u00e3o de ilumina\u00e7\u00e3o em LED. Como contrapartida, os munic\u00edpios v\u00e3o investir um total de R$ 3 milh\u00f5es. O governador Carlos Massa Ratinho Junior assinou nesta ter\u00e7a-feira (24) a libera\u00e7\u00e3o de R$ 45,3 milh\u00f5es para 11 munic\u00edpios por meio [&hellip;]<\/p>\n","protected":false},"author":2,"featured_media":16277,"comment_status":"open","ping_status":"open","sticky":false,"template":"","format":"standard","meta":{"footnotes":""},"categories":[185],"tags":[172],"class_list":["post-16275","post","type-post","status-publish","format-standard","has-post-thumbnail","hentry","category-regional","tag-featured"],"amp_enabled":true,"_links":{"self":[{"href":"https:\/\/radiostudiow.com.br\/site\/wp-json\/wp\/v2\/posts\/16275","targetHints":{"allow":["GET"]}}],"collection":[{"href":"https:\/\/radiostudiow.com.br\/site\/wp-json\/wp\/v2\/posts"}],"about":[{"href":"https:\/\/radiostudiow.com.br\/site\/wp-json\/wp\/v2\/types\/post"}],"author":[{"embeddable":true,"href":"https:\/\/radiostudiow.com.br\/site\/wp-json\/wp\/v2\/users\/2"}],"replies":[{"embeddable":true,"href":"https:\/\/radiostudiow.com.br\/site\/wp-json\/wp\/v2\/comments?post=16275"}],"version-history":[{"count":1,"href":"https:\/\/radiostudiow.com.br\/site\/wp-json\/wp\/v2\/posts\/16275\/revisions"}],"predecessor-version":[{"id":16278,"href":"https:\/\/radiostudiow.com.br\/site\/wp-json\/wp\/v2\/posts\/16275\/revisions\/16278"}],"wp:featuredmedia":[{"embeddable":true,"href":"https:\/\/radiostudiow.com.br\/site\/wp-json\/wp\/v2\/media\/16277"}],"wp:attachment":[{"href":"https:\/\/radiostudiow.com.br\/site\/wp-json\/wp\/v2\/media?parent=16275"}],"wp:term":[{"taxonomy":"category","embeddable":true,"href":"https:\/\/radiostudiow.com.br\/site\/wp-json\/wp\/v2\/categories?post=16275"},{"taxonomy":"post_tag","embeddable":true,"href":"https:\/\/radiostudiow.com.br\/site\/wp-json\/wp\/v2\/tags?post=16275"}],"curies":[{"name":"wp","href":"https:\/\/api.w.org\/{rel}","templated":true}]}}