{"id":16284,"date":"2023-10-25T11:02:54","date_gmt":"2023-10-25T14:02:54","guid":{"rendered":"https:\/\/radiostudiow.com.br\/site\/?p=16284"},"modified":"2025-01-31T15:02:36","modified_gmt":"2025-01-31T18:02:36","slug":"defesa-civil-de-sao-mateus-do-sul-tem-70-pessoas-em-abrigos-temporarios-e-quase-600-pessoas-desalojadas","status":"publish","type":"post","link":"https:\/\/radiostudiow.com.br\/site\/2023\/10\/25\/defesa-civil-de-sao-mateus-do-sul-tem-70-pessoas-em-abrigos-temporarios-e-quase-600-pessoas-desalojadas\/","title":{"rendered":"DEFESA C\u00cdVIL DE S\u00c3O MATEUS DO SUL TEM 70 PESSOAS EM ABRIGOS TEMPOR\u00c1RIOS E QUASE 600 PESSOAS DESALOJADAS"},"content":{"rendered":"\n<p>A Defesa Civil de S\u00e3o Mateus do Sul divulgou nesta ter\u00e7a-feira (24), a atualiza\u00e7\u00e3o da situa\u00e7\u00e3o das chuvas em S\u00e3o Mateus do Sul. O munic\u00edpio possui atualmente&nbsp;<strong>70 pessoas em abrigos tempor\u00e1rios<\/strong>, fornecidos pela prefeitura, sendo o Col\u00e9gio S\u00e3o Mateus e Secretaria de Assist\u00eancia Social, e&nbsp;<strong>aproximadamente 600 pessoas desalojadas em casas de parentes ou amigos<\/strong>.<\/p>\n\n\n\n<figure class=\"wp-block-image size-full\"><img decoding=\"async\" src=\"https:\/\/radiostudiow.com.br\/site\/wp-content\/uploads\/2023\/08\/image-125.png\" alt=\"\" class=\"wp-image-14658\"\/><\/figure>\n\n\n\n<p>Segundo o coordenador Tiago Huk, muitas pessoas j\u00e1 puderam retornar para suas casas, por\u00e9m como h\u00e1 previs\u00e3o de muita chuva pelos pr\u00f3ximos dias, a Defesa Civil segue monitorando as \u00e1guas dos rios e em alerta.<\/p>\n\n\n\n<blockquote class=\"wp-block-quote is-layout-flow wp-block-quote-is-layout-flow\">\n<p>\u201cN\u00f3s seguimos em alerta pelos pr\u00f3ximos dias, pois mesmo com as \u00e1guas baixando, h\u00e1 previs\u00e3o de muita chuva at\u00e9 segunda-feira, dia 30\u201d, disse.<\/p>\n<\/blockquote>\n\n\n\n<h2 class=\"wp-block-heading\">Previs\u00e3o indica 162 mil\u00edmetros<\/h2>\n\n\n\n<p><em>Segundo o Simepar, a previs\u00e3o do tempo indica 162 mil\u00edmetros nos pr\u00f3ximos dias:<\/em><\/p>\n\n\n\n<ul class=\"wp-block-list\">\n<li>Ter\u00e7a-feira (24) \u2013 4.7 mm<\/li>\n\n\n\n<li>Quarta-feira (25) \u2013 8.7 mm<\/li>\n\n\n\n<li>Quinta-feira (26) \u2013 2.9 mm<\/li>\n\n\n\n<li>Sexta-feira (27) \u2013 11.0 mm<\/li>\n\n\n\n<li>S\u00e1bado (28) \u2013 40.2 mm<\/li>\n\n\n\n<li>Domingo (29) \u2013 18.7 mm<\/li>\n\n\n\n<li>Segunda-feira (30) \u2013 75.8 mm<\/li>\n<\/ul>\n\n\n\n<h2 class=\"wp-block-heading\">Defesa Civil em alerta<\/h2>\n\n\n\n<p>A Defesa Civil informa que continua monitorando o n\u00edvel do Rio Igua\u00e7u e em alerta pelo WhatsApp (42) 9 8837 1655 e o Corpo de Bombeiros via 193 e WhatsApp 3912 7099.<\/p>\n","protected":false},"excerpt":{"rendered":"<p>A Defesa Civil de S\u00e3o Mateus do Sul divulgou nesta ter\u00e7a-feira (24), a atualiza\u00e7\u00e3o da situa\u00e7\u00e3o das chuvas em S\u00e3o Mateus do Sul. O munic\u00edpio possui atualmente&nbsp;70 pessoas em abrigos tempor\u00e1rios, fornecidos pela prefeitura, sendo o Col\u00e9gio S\u00e3o Mateus e Secretaria de Assist\u00eancia Social, e&nbsp;aproximadamente 600 pessoas desalojadas em casas de parentes ou amigos. Segundo [&hellip;]<\/p>\n","protected":false},"author":2,"featured_media":16285,"comment_status":"open","ping_status":"open","sticky":false,"template":"","format":"standard","meta":{"footnotes":""},"categories":[185],"tags":[172],"class_list":["post-16284","post","type-post","status-publish","format-standard","has-post-thumbnail","hentry","category-regional","tag-featured"],"amp_enabled":true,"_links":{"self":[{"href":"https:\/\/radiostudiow.com.br\/site\/wp-json\/wp\/v2\/posts\/16284","targetHints":{"allow":["GET"]}}],"collection":[{"href":"https:\/\/radiostudiow.com.br\/site\/wp-json\/wp\/v2\/posts"}],"about":[{"href":"https:\/\/radiostudiow.com.br\/site\/wp-json\/wp\/v2\/types\/post"}],"author":[{"embeddable":true,"href":"https:\/\/radiostudiow.com.br\/site\/wp-json\/wp\/v2\/users\/2"}],"replies":[{"embeddable":true,"href":"https:\/\/radiostudiow.com.br\/site\/wp-json\/wp\/v2\/comments?post=16284"}],"version-history":[{"count":1,"href":"https:\/\/radiostudiow.com.br\/site\/wp-json\/wp\/v2\/posts\/16284\/revisions"}],"predecessor-version":[{"id":16286,"href":"https:\/\/radiostudiow.com.br\/site\/wp-json\/wp\/v2\/posts\/16284\/revisions\/16286"}],"wp:featuredmedia":[{"embeddable":true,"href":"https:\/\/radiostudiow.com.br\/site\/wp-json\/wp\/v2\/media\/16285"}],"wp:attachment":[{"href":"https:\/\/radiostudiow.com.br\/site\/wp-json\/wp\/v2\/media?parent=16284"}],"wp:term":[{"taxonomy":"category","embeddable":true,"href":"https:\/\/radiostudiow.com.br\/site\/wp-json\/wp\/v2\/categories?post=16284"},{"taxonomy":"post_tag","embeddable":true,"href":"https:\/\/radiostudiow.com.br\/site\/wp-json\/wp\/v2\/tags?post=16284"}],"curies":[{"name":"wp","href":"https:\/\/api.w.org\/{rel}","templated":true}]}}