{"id":16336,"date":"2023-10-26T20:45:09","date_gmt":"2023-10-26T23:45:09","guid":{"rendered":"https:\/\/radiostudiow.com.br\/site\/?p=16336"},"modified":"2025-01-31T15:02:36","modified_gmt":"2025-01-31T18:02:36","slug":"trabalhador-morre-apos-queda-de-12-metro-de-altura","status":"publish","type":"post","link":"https:\/\/radiostudiow.com.br\/site\/2023\/10\/26\/trabalhador-morre-apos-queda-de-12-metro-de-altura\/","title":{"rendered":"TRABALHADOR MORRE AP\u00d3S QUEDA DE 12 METRO DE ALTURA"},"content":{"rendered":"\n<figure class=\"wp-block-image size-full\"><img loading=\"lazy\" decoding=\"async\" width=\"897\" height=\"204\" src=\"https:\/\/radiostudiow.com.br\/site\/wp-content\/uploads\/2023\/10\/SITE-GRANDE.png\" alt=\"\" class=\"wp-image-16338\" srcset=\"https:\/\/radiostudiow.com.br\/site\/wp-content\/uploads\/2023\/10\/SITE-GRANDE.png 897w, https:\/\/radiostudiow.com.br\/site\/wp-content\/uploads\/2023\/10\/SITE-GRANDE-300x68.png 300w, https:\/\/radiostudiow.com.br\/site\/wp-content\/uploads\/2023\/10\/SITE-GRANDE-768x175.png 768w\" sizes=\"auto, (max-width: 897px) 100vw, 897px\" \/><\/figure>\n\n\n\n<p>Um homem morreu ap\u00f3s sofrer uma queda em um fosso com aproximadamente 12 metros de altura na empresa cerealista de Irati, na BR-277, no condom\u00ednio industrial por volta das 18:00 horas de hoje, quarta-feira (25).<\/p>\n\n\n\n<p>Corpo de Bombeiros, Edenilson Trojanowski, de 40 anos, caiu de uma altura de aproximadamente 12 metros, n\u00e3o conseguiu apurar se a v\u00edtima realizava um servi\u00e7o terceirizado ou trabalhava na empresa. Equipes do Servi\u00e7o de Atendimento M\u00f3vel de Urg\u00eancia (SAMU), Pol\u00edcia Civil e Criminal\u00edstica tamb\u00e9m foram acionadas e prestaram atendimento no local.<\/p>\n\n\n\n<p>Em contato com a reportagem da r\u00e1dio Naju\u00e1, o Tenente Aleixo, respons\u00e1vel pelo comando das a\u00e7\u00f5es do Corpo de Bombeiros em Irati, disse que o resgate do corpo da v\u00edtima aconteceu em um local de dif\u00edcil acesso.\u00a0<\/p>\n\n\n\n<figure class=\"wp-block-image size-full\"><img decoding=\"async\" src=\"https:\/\/radiostudiow.com.br\/site\/wp-content\/uploads\/2022\/06\/vem_ai.jpg\" alt=\"\" class=\"wp-image-7789\"\/><\/figure>\n\n\n\n<blockquote class=\"wp-block-quote is-layout-flow wp-block-quote-is-layout-flow\">\n<p><span style=\"color: rgb(51, 51, 51); font-family: &quot;Open Sans&quot;, sans-serif; font-size: 20px; font-weight: 400; letter-spacing: normal; white-space-collapse: collapse;\">\u201cInfelizmente, mais uma fatalidade na nossa regi\u00e3o. Uma ocorr\u00eancia bastante complexa, sendo necess\u00e1ria a utiliza\u00e7\u00e3o de t\u00e9cnicas de salvamento verticais por equipes que atuaram no local, al\u00e9m da verifica\u00e7\u00e3o de gases. Trata-se de uma ind\u00fastria de silos, onde existe a possibilidade de exist\u00eancia de gases muitas vezes complicados para o ser humano. No local foi realizada a remo\u00e7\u00e3o do corpo da v\u00edtima. Solicitamos a presen\u00e7a da Pol\u00edcia Cient\u00edfica, IML, os quais vieram de Uni\u00e3o da Vit\u00f3ria e chegaram quase perto das 22h no local, sendo que o corpo foi entregue e encaminhado para per\u00edcia\u201d, relatou Aleixo.<\/span><\/p>\n<\/blockquote>\n\n\n\n<p><em>O corpo de Edenilson est\u00e1 acontecendo na Capela Santa Rita. J\u00e1 o sepultamento ocorrer\u00e1 na manh\u00e3 de sexta-feira, \u00e0s 9 h, no Cemit\u00e9rio da Vila S\u00e3o Jo\u00e3o.<\/em><\/p>\n","protected":false},"excerpt":{"rendered":"<p>Um homem morreu ap\u00f3s sofrer uma queda em um fosso com aproximadamente 12 metros de altura na empresa cerealista de Irati, na BR-277, no condom\u00ednio industrial por volta das 18:00 horas de hoje, quarta-feira (25). Corpo de Bombeiros, Edenilson Trojanowski, de 40 anos, caiu de uma altura de aproximadamente 12 metros, n\u00e3o conseguiu apurar se [&hellip;]<\/p>\n","protected":false},"author":2,"featured_media":16337,"comment_status":"open","ping_status":"open","sticky":false,"template":"","format":"standard","meta":{"footnotes":""},"categories":[185],"tags":[172],"class_list":["post-16336","post","type-post","status-publish","format-standard","has-post-thumbnail","hentry","category-regional","tag-featured"],"amp_enabled":true,"_links":{"self":[{"href":"https:\/\/radiostudiow.com.br\/site\/wp-json\/wp\/v2\/posts\/16336","targetHints":{"allow":["GET"]}}],"collection":[{"href":"https:\/\/radiostudiow.com.br\/site\/wp-json\/wp\/v2\/posts"}],"about":[{"href":"https:\/\/radiostudiow.com.br\/site\/wp-json\/wp\/v2\/types\/post"}],"author":[{"embeddable":true,"href":"https:\/\/radiostudiow.com.br\/site\/wp-json\/wp\/v2\/users\/2"}],"replies":[{"embeddable":true,"href":"https:\/\/radiostudiow.com.br\/site\/wp-json\/wp\/v2\/comments?post=16336"}],"version-history":[{"count":1,"href":"https:\/\/radiostudiow.com.br\/site\/wp-json\/wp\/v2\/posts\/16336\/revisions"}],"predecessor-version":[{"id":16339,"href":"https:\/\/radiostudiow.com.br\/site\/wp-json\/wp\/v2\/posts\/16336\/revisions\/16339"}],"wp:featuredmedia":[{"embeddable":true,"href":"https:\/\/radiostudiow.com.br\/site\/wp-json\/wp\/v2\/media\/16337"}],"wp:attachment":[{"href":"https:\/\/radiostudiow.com.br\/site\/wp-json\/wp\/v2\/media?parent=16336"}],"wp:term":[{"taxonomy":"category","embeddable":true,"href":"https:\/\/radiostudiow.com.br\/site\/wp-json\/wp\/v2\/categories?post=16336"},{"taxonomy":"post_tag","embeddable":true,"href":"https:\/\/radiostudiow.com.br\/site\/wp-json\/wp\/v2\/tags?post=16336"}],"curies":[{"name":"wp","href":"https:\/\/api.w.org\/{rel}","templated":true}]}}