{"id":16431,"date":"2023-10-30T11:21:41","date_gmt":"2023-10-30T14:21:41","guid":{"rendered":"https:\/\/radiostudiow.com.br\/site\/?p=16431"},"modified":"2025-01-31T15:02:35","modified_gmt":"2025-01-31T18:02:35","slug":"acesso-a-cidades-da-regiao-esta-complicado-devido-as-fortes-chuvas","status":"publish","type":"post","link":"https:\/\/radiostudiow.com.br\/site\/2023\/10\/30\/acesso-a-cidades-da-regiao-esta-complicado-devido-as-fortes-chuvas\/","title":{"rendered":"ACESSO A CIDADES DA REGI\u00c3O EST\u00c1 COMPLICADO DEVIDO \u00c0S FORTES CHUVAS"},"content":{"rendered":"\n<figure class=\"wp-block-image size-full\"><img decoding=\"async\" src=\"https:\/\/radiostudiow.com.br\/site\/wp-content\/uploads\/2023\/10\/SITE-MEDIO3.png\" alt=\"\" class=\"wp-image-16382\"\/><\/figure>\n\n\n\n<p><strong>Na manh\u00e3 desta segunda-feira (30), existem bloqueios totais e parciais nas seguintes rodovias<\/strong>.<\/p>\n\n\n\n<h2 class=\"wp-block-heading\">Bloqueio total:<\/h2>\n\n\n\n<p>&#8211; <a><\/a>BR-153, entre Irati e Rebou\u00e7as &#8211; km 344 interditado devido a alagamentos<\/p>\n\n\n\n<p>&#8211; BR-153, em Imbituva &#8211; km 1 interditado devido a alagamentos<\/p>\n\n\n\n<p>&#8211; BR-476, em Uni\u00e3o da Vit\u00f3ria &#8211; km 466 alagado. Ve\u00edculos leves t\u00eam desvio dentro do per\u00edmetro urbano. Ve\u00edculos pesados devem usar a &#8211; BR-153 em Paulo Frontin, sentido Irati (BR-277)<\/p>\n\n\n\n<p>&#8211; PRC-466 em Uni\u00e3o da Vit\u00f3ria \u2013 Bloqueio pr\u00f3ximo \u00e0 Ponte dos Arcos Manoel Ribas em fun\u00e7\u00e3o do risco de escorregamento de rochas.<\/p>\n\n\n\n<p>&#8211; PRC-466 em Uni\u00e3o da Vit\u00f3ria \u2013 Bloqueio pr\u00f3ximo \u00e0 Ponte dos Arcos Manoel Ribas em fun\u00e7\u00e3o do risco de escorregamento de rochas.<\/p>\n\n\n\n<figure class=\"wp-block-image size-full\"><img decoding=\"async\" src=\"https:\/\/radiostudiow.com.br\/site\/wp-content\/uploads\/2023\/10\/SITE-MEDIO2.png\" alt=\"\" class=\"wp-image-16334\"\/><\/figure>\n\n\n\n<h2 class=\"wp-block-heading\">Bloqueio parcial:<\/h2>\n\n\n\n<p>&#8211; PR-364 entre Irati e S\u00e3o Mateus do Sul &#8211; Bloqueio parcial por escorregamento de terra que atingiu mais da metade da pista em um segmento. O trecho atualmente passa por obra de pavimenta\u00e7\u00e3o. A empresa respons\u00e1vel pelos servi\u00e7os j\u00e1 foi acionada para trabalhar na libera\u00e7\u00e3o da pista com a maior celeridade poss\u00edvel.<\/p>\n\n\n\n<p>&#8211; PR-151 entre Ponta Grossa e Palmeira \u2013 Uma pista est\u00e1 bloqueada por escorregamento de terra pr\u00f3ximo ao trevo de entroncamento com a PR-438, em Ponta Grossa. O dano est\u00e1 localizado no km 344, em trecho que faz liga\u00e7\u00e3o com o munic\u00edpio de Palmeira. J\u00e1 foi disponibilizada sinaliza\u00e7\u00e3o emergencial alertando os usu\u00e1rios, e os servi\u00e7os de remo\u00e7\u00e3o e limpeza s\u00e3o providenciados.<\/p>\n","protected":false},"excerpt":{"rendered":"<p>Na manh\u00e3 desta segunda-feira (30), existem bloqueios totais e parciais nas seguintes rodovias. Bloqueio total: &#8211; BR-153, entre Irati e Rebou\u00e7as &#8211; km 344 interditado devido a alagamentos &#8211; BR-153, em Imbituva &#8211; km 1 interditado devido a alagamentos &#8211; BR-476, em Uni\u00e3o da Vit\u00f3ria &#8211; km 466 alagado. Ve\u00edculos leves t\u00eam desvio dentro do [&hellip;]<\/p>\n","protected":false},"author":2,"featured_media":16432,"comment_status":"open","ping_status":"open","sticky":false,"template":"","format":"standard","meta":{"footnotes":""},"categories":[185],"tags":[172],"class_list":["post-16431","post","type-post","status-publish","format-standard","has-post-thumbnail","hentry","category-regional","tag-featured"],"amp_enabled":true,"_links":{"self":[{"href":"https:\/\/radiostudiow.com.br\/site\/wp-json\/wp\/v2\/posts\/16431","targetHints":{"allow":["GET"]}}],"collection":[{"href":"https:\/\/radiostudiow.com.br\/site\/wp-json\/wp\/v2\/posts"}],"about":[{"href":"https:\/\/radiostudiow.com.br\/site\/wp-json\/wp\/v2\/types\/post"}],"author":[{"embeddable":true,"href":"https:\/\/radiostudiow.com.br\/site\/wp-json\/wp\/v2\/users\/2"}],"replies":[{"embeddable":true,"href":"https:\/\/radiostudiow.com.br\/site\/wp-json\/wp\/v2\/comments?post=16431"}],"version-history":[{"count":1,"href":"https:\/\/radiostudiow.com.br\/site\/wp-json\/wp\/v2\/posts\/16431\/revisions"}],"predecessor-version":[{"id":16433,"href":"https:\/\/radiostudiow.com.br\/site\/wp-json\/wp\/v2\/posts\/16431\/revisions\/16433"}],"wp:featuredmedia":[{"embeddable":true,"href":"https:\/\/radiostudiow.com.br\/site\/wp-json\/wp\/v2\/media\/16432"}],"wp:attachment":[{"href":"https:\/\/radiostudiow.com.br\/site\/wp-json\/wp\/v2\/media?parent=16431"}],"wp:term":[{"taxonomy":"category","embeddable":true,"href":"https:\/\/radiostudiow.com.br\/site\/wp-json\/wp\/v2\/categories?post=16431"},{"taxonomy":"post_tag","embeddable":true,"href":"https:\/\/radiostudiow.com.br\/site\/wp-json\/wp\/v2\/tags?post=16431"}],"curies":[{"name":"wp","href":"https:\/\/api.w.org\/{rel}","templated":true}]}}