{"id":16449,"date":"2023-10-30T19:33:49","date_gmt":"2023-10-30T22:33:49","guid":{"rendered":"https:\/\/radiostudiow.com.br\/site\/?p=16449"},"modified":"2025-01-31T15:02:35","modified_gmt":"2025-01-31T18:02:35","slug":"homem-morre-apos-descarga-eletrica-em-cruz-machado","status":"publish","type":"post","link":"https:\/\/radiostudiow.com.br\/site\/2023\/10\/30\/homem-morre-apos-descarga-eletrica-em-cruz-machado\/","title":{"rendered":"HOMEM MORRE AP\u00d3S DESCARGA EL\u00c9TRICA EM CRUZ MACHADO"},"content":{"rendered":"\n<p>Um homem de 28 anos perdeu a vida em Cruz Machado, na Linha Vit\u00f3ria, ap\u00f3s sofrer uma descarga el\u00e9trica na tarde desta segunda-feira (30).<\/p>\n\n\n\n<p>O Servi\u00e7o de Atendimento M\u00f3vel de Urg\u00eancia (SAMU) foi chamado para o local, mas lamentavelmente, ao chegar,\u00a0<strong>o jovem identificado como Sandro Vogt j\u00e1 havia falecido.<\/strong><\/p>\n\n\n\n<figure class=\"wp-block-image size-full\"><img loading=\"lazy\" decoding=\"async\" width=\"897\" height=\"204\" src=\"https:\/\/radiostudiow.com.br\/site\/wp-content\/uploads\/2023\/10\/SITE-GRANDE3.png\" alt=\"\" class=\"wp-image-16341\" srcset=\"https:\/\/radiostudiow.com.br\/site\/wp-content\/uploads\/2023\/10\/SITE-GRANDE3.png 897w, https:\/\/radiostudiow.com.br\/site\/wp-content\/uploads\/2023\/10\/SITE-GRANDE3-300x68.png 300w, https:\/\/radiostudiow.com.br\/site\/wp-content\/uploads\/2023\/10\/SITE-GRANDE3-768x175.png 768w\" sizes=\"auto, (max-width: 897px) 100vw, 897px\" \/><\/figure>\n\n\n\n<p>De acordo com relatos, a v\u00edtima estava envolvida em uma atividade de manuten\u00e7\u00e3o em uma antena quando acidentalmente entrou em contato com um cabo el\u00e9trico, resultando na descarga el\u00e9trica.<\/p>\n\n\n\n<p>A Pol\u00edcia Militar tamb\u00e9m foi acionada para lidar com a situa\u00e7\u00e3o, e o Instituto M\u00e9dico Legal (IML) de Uni\u00e3o da Vit\u00f3ria foi chamado para a remo\u00e7\u00e3o do corpo.<\/p>\n","protected":false},"excerpt":{"rendered":"<p>Um homem de 28 anos perdeu a vida em Cruz Machado, na Linha Vit\u00f3ria, ap\u00f3s sofrer uma descarga el\u00e9trica na tarde desta segunda-feira (30). O Servi\u00e7o de Atendimento M\u00f3vel de Urg\u00eancia (SAMU) foi chamado para o local, mas lamentavelmente, ao chegar,\u00a0o jovem identificado como Sandro Vogt j\u00e1 havia falecido. De acordo com relatos, a v\u00edtima [&hellip;]<\/p>\n","protected":false},"author":2,"featured_media":16450,"comment_status":"open","ping_status":"open","sticky":false,"template":"","format":"standard","meta":{"footnotes":""},"categories":[185],"tags":[172],"class_list":["post-16449","post","type-post","status-publish","format-standard","has-post-thumbnail","hentry","category-regional","tag-featured"],"amp_enabled":true,"_links":{"self":[{"href":"https:\/\/radiostudiow.com.br\/site\/wp-json\/wp\/v2\/posts\/16449","targetHints":{"allow":["GET"]}}],"collection":[{"href":"https:\/\/radiostudiow.com.br\/site\/wp-json\/wp\/v2\/posts"}],"about":[{"href":"https:\/\/radiostudiow.com.br\/site\/wp-json\/wp\/v2\/types\/post"}],"author":[{"embeddable":true,"href":"https:\/\/radiostudiow.com.br\/site\/wp-json\/wp\/v2\/users\/2"}],"replies":[{"embeddable":true,"href":"https:\/\/radiostudiow.com.br\/site\/wp-json\/wp\/v2\/comments?post=16449"}],"version-history":[{"count":2,"href":"https:\/\/radiostudiow.com.br\/site\/wp-json\/wp\/v2\/posts\/16449\/revisions"}],"predecessor-version":[{"id":16452,"href":"https:\/\/radiostudiow.com.br\/site\/wp-json\/wp\/v2\/posts\/16449\/revisions\/16452"}],"wp:featuredmedia":[{"embeddable":true,"href":"https:\/\/radiostudiow.com.br\/site\/wp-json\/wp\/v2\/media\/16450"}],"wp:attachment":[{"href":"https:\/\/radiostudiow.com.br\/site\/wp-json\/wp\/v2\/media?parent=16449"}],"wp:term":[{"taxonomy":"category","embeddable":true,"href":"https:\/\/radiostudiow.com.br\/site\/wp-json\/wp\/v2\/categories?post=16449"},{"taxonomy":"post_tag","embeddable":true,"href":"https:\/\/radiostudiow.com.br\/site\/wp-json\/wp\/v2\/tags?post=16449"}],"curies":[{"name":"wp","href":"https:\/\/api.w.org\/{rel}","templated":true}]}}