{"id":16456,"date":"2023-10-30T20:11:19","date_gmt":"2023-10-30T23:11:19","guid":{"rendered":"https:\/\/radiostudiow.com.br\/site\/?p=16456"},"modified":"2025-01-31T15:02:35","modified_gmt":"2025-01-31T18:02:35","slug":"muita-atencao-aos-motoristas-ventos-fortes-causam-transtornos-em-estradas","status":"publish","type":"post","link":"https:\/\/radiostudiow.com.br\/site\/2023\/10\/30\/muita-atencao-aos-motoristas-ventos-fortes-causam-transtornos-em-estradas\/","title":{"rendered":"MUITA ATEN\u00c7\u00c3O AOS MOTORISTAS! VENTOS FORTES EST\u00c3O CAUSANDO TRANSTORNOS EM ESTRADAS"},"content":{"rendered":"\n<p>A forte chuva que caiu no in\u00edcio da tarde desta segunda-feira, 30 de outubro, no Vale do Igua\u00e7u causou alguns transtornos.<\/p>\n\n\n\n<p>Uma \u00e1rvore caiu por causa do vento na rodovia Jo\u00e3o Paulo Reolon, no bairro S\u00e3o Gabriel, pr\u00f3ximo ao trevo de acesso a Porto Vit\u00f3ria. Um fila de ve\u00edculos se formou na localidade.<\/p>\n\n\n\n<figure class=\"wp-block-image size-full\"><img loading=\"lazy\" decoding=\"async\" width=\"598\" height=\"204\" src=\"https:\/\/radiostudiow.com.br\/site\/wp-content\/uploads\/2023\/10\/SITE-MEDIO.png\" alt=\"\" class=\"wp-image-16319\" srcset=\"https:\/\/radiostudiow.com.br\/site\/wp-content\/uploads\/2023\/10\/SITE-MEDIO.png 598w, https:\/\/radiostudiow.com.br\/site\/wp-content\/uploads\/2023\/10\/SITE-MEDIO-300x102.png 300w\" sizes=\"auto, (max-width: 598px) 100vw, 598px\" \/><\/figure>\n\n\n\n<p>Tamb\u00e9m h\u00e1 relatos de destelhamento de casas e falta de luz em ao menos um bairro de Uni\u00e3o da Vit\u00f3ria.<\/p>\n\n\n\n<p>Na Col\u00f4nia Amazonas em Porto Vit\u00f3ria tamb\u00e9m h\u00e1 relato de queda de \u00e1rvore.<\/p>\n\n\n\n<figure class=\"wp-block-video\"><video controls src=\"https:\/\/radiostudiow.com.br\/site\/wp-content\/uploads\/2023\/10\/WhatsApp-Video-2023-10-30-at-14.06.45-1.mp4\"><\/video><\/figure>\n","protected":false},"excerpt":{"rendered":"<p>A forte chuva que caiu no in\u00edcio da tarde desta segunda-feira, 30 de outubro, no Vale do Igua\u00e7u causou alguns transtornos. Uma \u00e1rvore caiu por causa do vento na rodovia Jo\u00e3o Paulo Reolon, no bairro S\u00e3o Gabriel, pr\u00f3ximo ao trevo de acesso a Porto Vit\u00f3ria. Um fila de ve\u00edculos se formou na localidade. Tamb\u00e9m h\u00e1 [&hellip;]<\/p>\n","protected":false},"author":2,"featured_media":16457,"comment_status":"open","ping_status":"open","sticky":false,"template":"","format":"standard","meta":{"footnotes":""},"categories":[185],"tags":[172],"class_list":["post-16456","post","type-post","status-publish","format-standard","has-post-thumbnail","hentry","category-regional","tag-featured"],"amp_enabled":true,"_links":{"self":[{"href":"https:\/\/radiostudiow.com.br\/site\/wp-json\/wp\/v2\/posts\/16456","targetHints":{"allow":["GET"]}}],"collection":[{"href":"https:\/\/radiostudiow.com.br\/site\/wp-json\/wp\/v2\/posts"}],"about":[{"href":"https:\/\/radiostudiow.com.br\/site\/wp-json\/wp\/v2\/types\/post"}],"author":[{"embeddable":true,"href":"https:\/\/radiostudiow.com.br\/site\/wp-json\/wp\/v2\/users\/2"}],"replies":[{"embeddable":true,"href":"https:\/\/radiostudiow.com.br\/site\/wp-json\/wp\/v2\/comments?post=16456"}],"version-history":[{"count":3,"href":"https:\/\/radiostudiow.com.br\/site\/wp-json\/wp\/v2\/posts\/16456\/revisions"}],"predecessor-version":[{"id":33528,"href":"https:\/\/radiostudiow.com.br\/site\/wp-json\/wp\/v2\/posts\/16456\/revisions\/33528"}],"wp:featuredmedia":[{"embeddable":true,"href":"https:\/\/radiostudiow.com.br\/site\/wp-json\/wp\/v2\/media\/16457"}],"wp:attachment":[{"href":"https:\/\/radiostudiow.com.br\/site\/wp-json\/wp\/v2\/media?parent=16456"}],"wp:term":[{"taxonomy":"category","embeddable":true,"href":"https:\/\/radiostudiow.com.br\/site\/wp-json\/wp\/v2\/categories?post=16456"},{"taxonomy":"post_tag","embeddable":true,"href":"https:\/\/radiostudiow.com.br\/site\/wp-json\/wp\/v2\/tags?post=16456"}],"curies":[{"name":"wp","href":"https:\/\/api.w.org\/{rel}","templated":true}]}}