{"id":16463,"date":"2023-10-30T20:35:22","date_gmt":"2023-10-30T23:35:22","guid":{"rendered":"https:\/\/radiostudiow.com.br\/site\/?p=16463"},"modified":"2025-01-31T15:02:35","modified_gmt":"2025-01-31T18:02:35","slug":"jovem-morre-apos-carro-cair-em-rio-as-margens-da-pr-151","status":"publish","type":"post","link":"https:\/\/radiostudiow.com.br\/site\/2023\/10\/30\/jovem-morre-apos-carro-cair-em-rio-as-margens-da-pr-151\/","title":{"rendered":"JOVEM MORRE AP\u00d3S CARRO CAIR EM RIO \u00c0S MARGENS DA PR-151"},"content":{"rendered":"\n<p>Um homem de 32 anos morreu depois de perder a dire\u00e7\u00e3o e cair com o carro no Rio Caniu, \u00e0s margens da PR-151, em Palmeira na noite deste domingo (29).<\/p>\n\n\n\n<figure class=\"wp-block-image size-full\"><img loading=\"lazy\" decoding=\"async\" width=\"897\" height=\"204\" src=\"https:\/\/radiostudiow.com.br\/site\/wp-content\/uploads\/2023\/10\/SITE-GRANDE.png\" alt=\"\" class=\"wp-image-16338\" srcset=\"https:\/\/radiostudiow.com.br\/site\/wp-content\/uploads\/2023\/10\/SITE-GRANDE.png 897w, https:\/\/radiostudiow.com.br\/site\/wp-content\/uploads\/2023\/10\/SITE-GRANDE-300x68.png 300w, https:\/\/radiostudiow.com.br\/site\/wp-content\/uploads\/2023\/10\/SITE-GRANDE-768x175.png 768w\" sizes=\"auto, (max-width: 897px) 100vw, 897px\" \/><\/figure>\n\n\n\n<p>A v\u00edtima identificada como Leandro Cequinel, estava em um ve\u00edculo Peugeot 206 de cor prata, que se deslocava sentido Palmeira, quando acabou saindo para fora da pista e foi arrastado pela correnteza. Um passageiro que estava no carro conseguiu sair, mas n\u00e3o soube informar o local exato da ocorr\u00eancia.<\/p>\n\n\n\n<p>O Corpo de Bombeiros foi at\u00e9 o local na noite de domingo, por\u00e9m n\u00e3o conseguiram encontrar o carro. Ao retornar com as buscas na manh\u00e3 desta segunda, por volta de 8h30, o corpo foi localizado.<\/p>\n\n\n\n<p>O Instituto M\u00e9dico Legal (IML) de Ponta Grossa foi acionada para fazer o recolhimento do corpo.<\/p>\n","protected":false},"excerpt":{"rendered":"<p>Um homem de 32 anos morreu depois de perder a dire\u00e7\u00e3o e cair com o carro no Rio Caniu, \u00e0s margens da PR-151, em Palmeira na noite deste domingo (29). A v\u00edtima identificada como Leandro Cequinel, estava em um ve\u00edculo Peugeot 206 de cor prata, que se deslocava sentido Palmeira, quando acabou saindo para fora [&hellip;]<\/p>\n","protected":false},"author":2,"featured_media":16464,"comment_status":"open","ping_status":"open","sticky":false,"template":"","format":"standard","meta":{"footnotes":""},"categories":[185],"tags":[172],"class_list":["post-16463","post","type-post","status-publish","format-standard","has-post-thumbnail","hentry","category-regional","tag-featured"],"amp_enabled":true,"_links":{"self":[{"href":"https:\/\/radiostudiow.com.br\/site\/wp-json\/wp\/v2\/posts\/16463","targetHints":{"allow":["GET"]}}],"collection":[{"href":"https:\/\/radiostudiow.com.br\/site\/wp-json\/wp\/v2\/posts"}],"about":[{"href":"https:\/\/radiostudiow.com.br\/site\/wp-json\/wp\/v2\/types\/post"}],"author":[{"embeddable":true,"href":"https:\/\/radiostudiow.com.br\/site\/wp-json\/wp\/v2\/users\/2"}],"replies":[{"embeddable":true,"href":"https:\/\/radiostudiow.com.br\/site\/wp-json\/wp\/v2\/comments?post=16463"}],"version-history":[{"count":2,"href":"https:\/\/radiostudiow.com.br\/site\/wp-json\/wp\/v2\/posts\/16463\/revisions"}],"predecessor-version":[{"id":16466,"href":"https:\/\/radiostudiow.com.br\/site\/wp-json\/wp\/v2\/posts\/16463\/revisions\/16466"}],"wp:featuredmedia":[{"embeddable":true,"href":"https:\/\/radiostudiow.com.br\/site\/wp-json\/wp\/v2\/media\/16464"}],"wp:attachment":[{"href":"https:\/\/radiostudiow.com.br\/site\/wp-json\/wp\/v2\/media?parent=16463"}],"wp:term":[{"taxonomy":"category","embeddable":true,"href":"https:\/\/radiostudiow.com.br\/site\/wp-json\/wp\/v2\/categories?post=16463"},{"taxonomy":"post_tag","embeddable":true,"href":"https:\/\/radiostudiow.com.br\/site\/wp-json\/wp\/v2\/tags?post=16463"}],"curies":[{"name":"wp","href":"https:\/\/api.w.org\/{rel}","templated":true}]}}