{"id":16477,"date":"2023-10-31T10:19:55","date_gmt":"2023-10-31T13:19:55","guid":{"rendered":"https:\/\/radiostudiow.com.br\/site\/?p=16477"},"modified":"2025-01-31T15:02:35","modified_gmt":"2025-01-31T18:02:35","slug":"der-pr-atualiza-situacao-das-rodovias-estaduais-afetadas-pelas-chuvas","status":"publish","type":"post","link":"https:\/\/radiostudiow.com.br\/site\/2023\/10\/31\/der-pr-atualiza-situacao-das-rodovias-estaduais-afetadas-pelas-chuvas\/","title":{"rendered":"DER\/PR ATUALIZA SITUA\u00c7\u00c3O DAS RODOVIAS ESTADUAIS AFETADAS PELAS CHUVAS"},"content":{"rendered":"\n<p>O Departamento de Estradas de Rodagem do Paran\u00e1 (DER\/PR) informa aos usu\u00e1rios as condi\u00e7\u00f5es atuais de bloqueio de rodovias estaduais devido \u00e0s fortes chuvas que atingem o Estado. Os trechos est\u00e3o com sinaliza\u00e7\u00e3o de emerg\u00eancia e os mais cr\u00edticos j\u00e1 em obras. A orienta\u00e7\u00e3o aos motoristas \u00e9 que redobrem o cuidado.<\/p>\n\n\n\n<figure class=\"wp-block-image size-full\"><img decoding=\"async\" src=\"https:\/\/radiostudiow.com.br\/site\/wp-content\/uploads\/2023\/10\/SITE-GRANDE4.png\" alt=\"\" class=\"wp-image-16367\"\/><\/figure>\n\n\n\n<h2 class=\"wp-block-heading\"><strong>NOVAS LIBERA\u00c7\u00d5ES<\/strong><\/h2>\n\n\n\n<ul class=\"wp-block-list\">\n<li><strong>PR-092 (Rodovia dos Min\u00e9rios) em Almirante Tamandar\u00e9 \u2013<\/strong>\u00a0Os dois pontos de alagamento, no km 10 e km 16, j\u00e1 foram liberados, ap\u00f3s as \u00e1guas baixarem.<\/li>\n\n\n\n<li><strong>PR-092 em Doutor Ulysses \u2013<\/strong>\u00a0J\u00e1 foram cortadas e removidas as \u00e1rvores que haviam ca\u00eddo sobre a pista, retomando o tr\u00e1fego de acesso ao munic\u00edpio. Equipes do DER\/PR tamb\u00e9m removeram o material ca\u00eddo sobre a pista em outros locais.<\/li>\n\n\n\n<li><strong>PR-281 entre Realeza e S\u00e3o Val\u00e9rio<\/strong>\u00a0\u2013 Trecho foi liberado ap\u00f3s an\u00e1lise do DER\/PR n\u00e3o constatar danos na ponte sobre o Rio Capanema, nem nas cabeceiras da estrutura.<\/li>\n\n\n\n<li><strong>PR-405 em Guaraque\u00e7aba<\/strong>\u00a0\u2013 Os pontos de alagamento tamb\u00e9m j\u00e1 foram liberados, ap\u00f3s as \u00e1guas baixarem.<\/li>\n\n\n\n<li><strong>PR-364 em Irati\u00a0<\/strong>\u2013 Liberadas as pistas ap\u00f3s as \u00e1guas do Rio Preto baixarem.<\/li>\n<\/ul>\n\n\n\n<p>O DER\/PR tamb\u00e9m finalizou os servi\u00e7os de retirada de material e limpeza da pista em alguns trechos que estavam com bloqueios parciais, garantindo a retomada da trafegabilidade normal na PRC-466 entre Turvo e Pitanga, PR-438 em Teixeira Soares, PR-151 em Ponta Grossa e em Pira\u00ed do Sul.<\/p>\n\n\n\n<figure class=\"wp-block-image size-full\"><img decoding=\"async\" src=\"https:\/\/radiostudiow.com.br\/site\/wp-content\/uploads\/2023\/10\/SITE-MEDIO3.png\" alt=\"\" class=\"wp-image-16382\"\/><\/figure>\n\n\n\n<h2 class=\"wp-block-heading\"><strong>BLOQUEIOS TOTAIS:<\/strong><\/h2>\n\n\n\n<ul class=\"wp-block-list\">\n<li><strong>PR-151 em Ponta Grossa<\/strong>\u00a0\u2013 Pista bloqueada por alagamento, pr\u00f3ximo ao acesso ao aeroporto<\/li>\n\n\n\n<li><strong>PR-151 em Jaguaria\u00edva\u00a0<\/strong>\u2013 A rodovia cedeu na altura do km 214, local onde um bueiro tubular met\u00e1lico de 3,5 m recebia o fluxo de \u00e1gua vindo do Rio Capivari, cujo volume aumentou excessivamente. O local j\u00e1 est\u00e1 em obras.<\/li>\n\n\n\n<li><strong>PR-540 em Entre Rios, distrito de Guarapuava<\/strong>\u00a0\u2013 Bloqueio do km 0 ao km 6, devido ao rompimento de um bueiro tubular met\u00e1lico, que comprometeu o pavimento. Trecho j\u00e1 est\u00e1 em obras.<\/li>\n\n\n\n<li><strong>PRC-466 em Uni\u00e3o da Vit\u00f3ria<\/strong>\u00a0\u2013 Bloqueio pr\u00f3ximo \u00e0 Ponte dos Arcos Manoel Ribas em fun\u00e7\u00e3o do risco de escorregamento de rochas.<\/li>\n\n\n\n<li><strong>PR-836 e PRC-280 em Uni\u00e3o da Vit\u00f3ria<\/strong>\u00a0\u2013 As duas rodovias com pistas alagadas devido \u00e0 cheia do Rio Igua\u00e7u, na altura do km 0.<\/li>\n\n\n\n<li><strong>PR-281 em Dois Vizinhos<\/strong>\u00a0\u2013 Bloqueio total da rodovia entre Dois Vizinhos e a localidade de Alto da Bela Vista por alagamento das pistas.<\/li>\n\n\n\n<li><strong>PR-281 em Salto do Lontra<\/strong>\u00a0\u2013 Bloqueio total da rodovia entre Salto do Lontra e a localidade de Alto da Bela Vista por alagamento das pistas.<\/li>\n\n\n\n<li><strong>PR-481 em Amp\u00e9re<\/strong>\u00a0\u2013 Bloqueio total da rodovia entre Amp\u00e9re e Santo Ant\u00f4nio do Sudoeste por alagamento das pistas.<\/li>\n\n\n\n<li><strong>PRC-476 em Uni\u00e3o da Vit\u00f3ria (novo)<\/strong>\u00a0\u2013 Bloqueio total no km 362, aguardando \u00e1guas baixarem para executar desobstru\u00e7\u00e3o de bueiro e recomposi\u00e7\u00e3o do pavimento.<\/li>\n\n\n\n<li><strong>PR-433 na Lapa (novo)<\/strong>\u00a0\u2013 Bloqueio total no km 26 devido a alagamento da pista. Trecho \u00e9 n\u00e3o pavimentado.<\/li>\n<\/ul>\n\n\n\n<figure class=\"wp-block-image size-full\"><img loading=\"lazy\" decoding=\"async\" width=\"598\" height=\"204\" src=\"https:\/\/radiostudiow.com.br\/site\/wp-content\/uploads\/2023\/10\/SITE-MEDIO.png\" alt=\"\" class=\"wp-image-16319\" srcset=\"https:\/\/radiostudiow.com.br\/site\/wp-content\/uploads\/2023\/10\/SITE-MEDIO.png 598w, https:\/\/radiostudiow.com.br\/site\/wp-content\/uploads\/2023\/10\/SITE-MEDIO-300x102.png 300w\" sizes=\"auto, (max-width: 598px) 100vw, 598px\" \/><\/figure>\n\n\n\n<h2 class=\"wp-block-heading\"><strong>BLOQUEIOS PARCIAIS:<\/strong><\/h2>\n\n\n\n<ul class=\"wp-block-list\">\n<li><strong>Estrada da Graciosa (PR-410) em Morretes<\/strong>\u00a0\u2013 Bloqueio preventivo da rodovia somente \u00e0 noite, durante esse per\u00edodo de chuvas. A rodovia \u00e9 avaliada para libera\u00e7\u00e3o no dia seguinte, \u00e0s 7h da manh\u00e3. Quando liberada, o tr\u00e1fego \u00e9 realizado com opera\u00e7\u00e3o pare-e-siga do km 11 ao km 12, trecho em que as obras de recupera\u00e7\u00e3o ainda ocupam uma das pistas.<\/li>\n\n\n\n<li><strong>PR-170 em Guarapuava<\/strong>\u00a0\u2013 Bloqueio parcial de uma pista no km 389, devido a escorregamento de terra em talude de aterro, com tr\u00e1fego fluindo normalmente nas duas pistas restantes. Trecho est\u00e1 em obras.<\/li>\n\n\n\n<li><strong>PR-170 em Bituruna\u00a0<\/strong>\u2013 Tr\u00e1fego com interdi\u00e7\u00e3o em uma pista no km 473 devido ao surgimento de rachaduras no pavimento, pr\u00f3ximo \u00e0 Usina Hidrel\u00e9trica Governador Bento Munhoz da Rocha Netto. Obras em andamento para melhoria da drenagem e na sequ\u00eancia recupera\u00e7\u00e3o da pista.<\/li>\n\n\n\n<li><strong>PR-364 entre Irati e S\u00e3o Mateus do Sul<\/strong>\u00a0\u2013 Bloqueio parcial por escorregamento de terra que atingiu mais da metade da pista em um segmento. O trecho atualmente passa por obra de pavimenta\u00e7\u00e3o. A empresa respons\u00e1vel pelos servi\u00e7os j\u00e1 foi acionada para trabalhar na libera\u00e7\u00e3o da pista com a maior celeridade poss\u00edvel.<\/li>\n\n\n\n<li><strong>PR-092 em Rio Branco do Sul (novo)<\/strong>\u00a0\u2013 Rodovia est\u00e1 operando em meia pista na altura do km 40, em Rio Branco do Sul, devido ao surgimento de uma trinca no eixo da pista.<\/li>\n<\/ul>\n\n\n\n<p>Os trechos com bloqueios totais ou parciais contam com sinaliza\u00e7\u00e3o de emerg\u00eancia disponibilizada pelo DER\/PR, sendo de extrema import\u00e2ncia que os condutores obede\u00e7am a estas orienta\u00e7\u00f5es, tamb\u00e9m seguindo com cautela redobrada nestes locais.<\/p>\n\n\n\n<p>Confira a localiza\u00e7\u00e3o dos bloqueios mencionados acima&nbsp;<strong><a href=\"https:\/\/www.google.com\/maps\/d\/viewer?mid=1wj_17zbBuaED3XWRK8ZCGMSxJbvFFh4&amp;ll=-23.398817021224772%2C-51.164938500000005&amp;z=6\" target=\"_blank\" rel=\"noreferrer noopener\">neste mapa<\/a><\/strong>.<\/p>\n","protected":false},"excerpt":{"rendered":"<p>O Departamento de Estradas de Rodagem do Paran\u00e1 (DER\/PR) informa aos usu\u00e1rios as condi\u00e7\u00f5es atuais de bloqueio de rodovias estaduais devido \u00e0s fortes chuvas que atingem o Estado. Os trechos est\u00e3o com sinaliza\u00e7\u00e3o de emerg\u00eancia e os mais cr\u00edticos j\u00e1 em obras. A orienta\u00e7\u00e3o aos motoristas \u00e9 que redobrem o cuidado. NOVAS LIBERA\u00c7\u00d5ES O DER\/PR [&hellip;]<\/p>\n","protected":false},"author":2,"featured_media":16478,"comment_status":"open","ping_status":"open","sticky":false,"template":"","format":"standard","meta":{"footnotes":""},"categories":[185],"tags":[172],"class_list":["post-16477","post","type-post","status-publish","format-standard","has-post-thumbnail","hentry","category-regional","tag-featured"],"amp_enabled":true,"_links":{"self":[{"href":"https:\/\/radiostudiow.com.br\/site\/wp-json\/wp\/v2\/posts\/16477","targetHints":{"allow":["GET"]}}],"collection":[{"href":"https:\/\/radiostudiow.com.br\/site\/wp-json\/wp\/v2\/posts"}],"about":[{"href":"https:\/\/radiostudiow.com.br\/site\/wp-json\/wp\/v2\/types\/post"}],"author":[{"embeddable":true,"href":"https:\/\/radiostudiow.com.br\/site\/wp-json\/wp\/v2\/users\/2"}],"replies":[{"embeddable":true,"href":"https:\/\/radiostudiow.com.br\/site\/wp-json\/wp\/v2\/comments?post=16477"}],"version-history":[{"count":1,"href":"https:\/\/radiostudiow.com.br\/site\/wp-json\/wp\/v2\/posts\/16477\/revisions"}],"predecessor-version":[{"id":16479,"href":"https:\/\/radiostudiow.com.br\/site\/wp-json\/wp\/v2\/posts\/16477\/revisions\/16479"}],"wp:featuredmedia":[{"embeddable":true,"href":"https:\/\/radiostudiow.com.br\/site\/wp-json\/wp\/v2\/media\/16478"}],"wp:attachment":[{"href":"https:\/\/radiostudiow.com.br\/site\/wp-json\/wp\/v2\/media?parent=16477"}],"wp:term":[{"taxonomy":"category","embeddable":true,"href":"https:\/\/radiostudiow.com.br\/site\/wp-json\/wp\/v2\/categories?post=16477"},{"taxonomy":"post_tag","embeddable":true,"href":"https:\/\/radiostudiow.com.br\/site\/wp-json\/wp\/v2\/tags?post=16477"}],"curies":[{"name":"wp","href":"https:\/\/api.w.org\/{rel}","templated":true}]}}