{"id":16497,"date":"2023-10-31T19:30:10","date_gmt":"2023-10-31T22:30:10","guid":{"rendered":"https:\/\/radiostudiow.com.br\/site\/?p=16497"},"modified":"2025-01-31T15:02:35","modified_gmt":"2025-01-31T18:02:35","slug":"motociclista-sofre-ferimentos-graves-apos-acidente-em-uniao-da-vitoria","status":"publish","type":"post","link":"https:\/\/radiostudiow.com.br\/site\/2023\/10\/31\/motociclista-sofre-ferimentos-graves-apos-acidente-em-uniao-da-vitoria\/","title":{"rendered":"MOTOCICLISTA SOFRE FERIMENTOS GRAVES AP\u00d3S ACIDENTE EM UNI\u00c3O DA VIT\u00d3RIA"},"content":{"rendered":"\n<p>A equipe do Corpo de Bombeiros esteve atendendo a um acidente de tr\u00e2nsito registrado por volta das 17:00 horas dessa segunda-feira, 30 de outubro, no Distrito de S\u00e3o Crist\u00f3v\u00e3o em Uni\u00e3o da Vit\u00f3ria.<\/p>\n\n\n\n<figure class=\"wp-block-image size-full\"><img loading=\"lazy\" decoding=\"async\" width=\"897\" height=\"204\" src=\"https:\/\/radiostudiow.com.br\/site\/wp-content\/uploads\/2023\/10\/SITE-GRANDE.png\" alt=\"\" class=\"wp-image-16338\" srcset=\"https:\/\/radiostudiow.com.br\/site\/wp-content\/uploads\/2023\/10\/SITE-GRANDE.png 897w, https:\/\/radiostudiow.com.br\/site\/wp-content\/uploads\/2023\/10\/SITE-GRANDE-300x68.png 300w, https:\/\/radiostudiow.com.br\/site\/wp-content\/uploads\/2023\/10\/SITE-GRANDE-768x175.png 768w\" sizes=\"auto, (max-width: 897px) 100vw, 897px\" \/><\/figure>\n\n\n\n<p>De acordo com informa\u00e7\u00f5es, o acidente aconteceu na Avenida Wilkys Amazonas Correia, no bairro Nossa Senhora da Salete e envolveu um ve\u00edculo VW\/Spacefox Sport de cor preta que colidiu contra uma motocicleta Honda\/CG 160 Titan de cor amarela.<\/p>\n\n\n\n<p>Com a batida, o motociclista de 25 anos de idade, sofreu ferimentos graves. Ele foi socorrido e encaminhado para cuidados m\u00e9dicos no hospital.<\/p>\n\n\n\n<figure class=\"wp-block-image size-full\"><img loading=\"lazy\" decoding=\"async\" width=\"500\" height=\"300\" src=\"https:\/\/radiostudiow.com.br\/site\/wp-content\/uploads\/2023\/10\/image-166.png\" alt=\"\" class=\"wp-image-16498\" srcset=\"https:\/\/radiostudiow.com.br\/site\/wp-content\/uploads\/2023\/10\/image-166.png 500w, https:\/\/radiostudiow.com.br\/site\/wp-content\/uploads\/2023\/10\/image-166-300x180.png 300w, https:\/\/radiostudiow.com.br\/site\/wp-content\/uploads\/2023\/10\/image-166-400x240.png 400w\" sizes=\"auto, (max-width: 500px) 100vw, 500px\" \/><\/figure>\n","protected":false},"excerpt":{"rendered":"<p>A equipe do Corpo de Bombeiros esteve atendendo a um acidente de tr\u00e2nsito registrado por volta das 17:00 horas dessa segunda-feira, 30 de outubro, no Distrito de S\u00e3o Crist\u00f3v\u00e3o em Uni\u00e3o da Vit\u00f3ria. De acordo com informa\u00e7\u00f5es, o acidente aconteceu na Avenida Wilkys Amazonas Correia, no bairro Nossa Senhora da Salete e envolveu um ve\u00edculo [&hellip;]<\/p>\n","protected":false},"author":2,"featured_media":16499,"comment_status":"open","ping_status":"open","sticky":false,"template":"","format":"standard","meta":{"footnotes":""},"categories":[185],"tags":[172],"class_list":["post-16497","post","type-post","status-publish","format-standard","has-post-thumbnail","hentry","category-regional","tag-featured"],"amp_enabled":true,"_links":{"self":[{"href":"https:\/\/radiostudiow.com.br\/site\/wp-json\/wp\/v2\/posts\/16497","targetHints":{"allow":["GET"]}}],"collection":[{"href":"https:\/\/radiostudiow.com.br\/site\/wp-json\/wp\/v2\/posts"}],"about":[{"href":"https:\/\/radiostudiow.com.br\/site\/wp-json\/wp\/v2\/types\/post"}],"author":[{"embeddable":true,"href":"https:\/\/radiostudiow.com.br\/site\/wp-json\/wp\/v2\/users\/2"}],"replies":[{"embeddable":true,"href":"https:\/\/radiostudiow.com.br\/site\/wp-json\/wp\/v2\/comments?post=16497"}],"version-history":[{"count":1,"href":"https:\/\/radiostudiow.com.br\/site\/wp-json\/wp\/v2\/posts\/16497\/revisions"}],"predecessor-version":[{"id":16500,"href":"https:\/\/radiostudiow.com.br\/site\/wp-json\/wp\/v2\/posts\/16497\/revisions\/16500"}],"wp:featuredmedia":[{"embeddable":true,"href":"https:\/\/radiostudiow.com.br\/site\/wp-json\/wp\/v2\/media\/16499"}],"wp:attachment":[{"href":"https:\/\/radiostudiow.com.br\/site\/wp-json\/wp\/v2\/media?parent=16497"}],"wp:term":[{"taxonomy":"category","embeddable":true,"href":"https:\/\/radiostudiow.com.br\/site\/wp-json\/wp\/v2\/categories?post=16497"},{"taxonomy":"post_tag","embeddable":true,"href":"https:\/\/radiostudiow.com.br\/site\/wp-json\/wp\/v2\/tags?post=16497"}],"curies":[{"name":"wp","href":"https:\/\/api.w.org\/{rel}","templated":true}]}}