{"id":16533,"date":"2023-11-01T17:38:02","date_gmt":"2023-11-01T20:38:02","guid":{"rendered":"https:\/\/radiostudiow.com.br\/site\/?p=16533"},"modified":"2025-01-31T15:02:35","modified_gmt":"2025-01-31T18:02:35","slug":"uniao-da-vitoria-tem-suspeita-de-obito-por-leptospirose","status":"publish","type":"post","link":"https:\/\/radiostudiow.com.br\/site\/2023\/11\/01\/uniao-da-vitoria-tem-suspeita-de-obito-por-leptospirose\/","title":{"rendered":"UNI\u00c3O DA VIT\u00d3RIA TEM SUSPEITA DE \u00d3BITO POR LEPTOSPIROSE"},"content":{"rendered":"\n<p>Uni\u00e3o da Vit\u00f3ria registrou uma suspeita de \u00f3bito por leptospirose nesta quarta-feira (1\u00ba). Segundo Murilo Ferminguez, respons\u00e1vel pela divis\u00e3o de vigil\u00e2ncia em sa\u00fade da 6\u00aa Regional de Sa\u00fade, o paciente estava internado no hospital S\u00e3o Braz, em Porto Uni\u00e3o, mas era morador de Uni\u00e3o da Vit\u00f3ria. Como a interna\u00e7\u00e3o foi feita em Porto Uni\u00e3o, a an\u00e1lise cl\u00ednica ser\u00e1 feita pelo Lacen de Santa Catarina, mas caso seja confirmada a infec\u00e7\u00e3o, o caso ser\u00e1 computado para o munic\u00edpio paranaense.<\/p>\n\n\n\n<figure class=\"wp-block-image size-full\"><img decoding=\"async\" src=\"https:\/\/radiostudiow.com.br\/site\/wp-content\/uploads\/2023\/10\/SITE-GRANDE4.png\" alt=\"\" class=\"wp-image-16367\"\/><\/figure>\n\n\n\n<blockquote class=\"wp-block-quote is-layout-flow wp-block-quote-is-layout-flow\">\n<p>\u201cO paciente deu entrada no hospital S\u00e3o Braz. Todo o manejo cl\u00ednico dele aconteceu no munic\u00edpio de Porto Uni\u00e3o, por\u00e9m, caso conformado com o exame laboratorial do Lacen de Santa Catarina, essa caso vai ser confirmado para o munic\u00edpio de Uni\u00e3o da Vit\u00f3ria, que a\u00ed a gente leva em conta o munic\u00edpio de resid\u00eancia do paciente. Sendo assim, toda a investiga\u00e7\u00e3o ambiental e epidemiol\u00f3gica vai ser feita pela equipe do munic\u00edpio de Uni\u00e3o da Vit\u00f3ria\u201d, explica.<\/p>\n<\/blockquote>\n\n\n\n<p>Uni\u00e3o da Vit\u00f3ria j\u00e1 tem um caso confirmado, mas o paciente passa bem. No momento, est\u00e1 sendo realizada uma investiga\u00e7\u00e3o para confirmar se a contamina\u00e7\u00e3o se deu pelo contato com a \u00e1gua da enchente. A partir desta quarta-feira, a 6\u00aa Regional de Sa\u00fade intensificar\u00e1 a monitora\u00e7\u00e3o dos casos suspeitos.<\/p>\n\n\n\n<blockquote class=\"wp-block-quote is-layout-flow wp-block-quote-is-layout-flow\">\n<p>\u201cHoje, a partir de determina\u00e7\u00e3o do Cievs, da secretaria de estado da sa\u00fade, a gente vai come\u00e7ar a monitorar a evolu\u00e7\u00e3o de casos notificados, suspeitos ou confirmados diariamente, passando essa informa\u00e7\u00e3o para nossa central, para poder apurar se a gente est\u00e1 tendo realmente o aumento de casos notificados ou confirmados em decorr\u00eancia das cheias ou se a gente ainda continua nos n\u00fameros corriqueiros que a gente vem tendo desde ent\u00e3o\u201d, comenta Murilo.<\/p>\n<\/blockquote>\n","protected":false},"excerpt":{"rendered":"<p>Uni\u00e3o da Vit\u00f3ria registrou uma suspeita de \u00f3bito por leptospirose nesta quarta-feira (1\u00ba). Segundo Murilo Ferminguez, respons\u00e1vel pela divis\u00e3o de vigil\u00e2ncia em sa\u00fade da 6\u00aa Regional de Sa\u00fade, o paciente estava internado no hospital S\u00e3o Braz, em Porto Uni\u00e3o, mas era morador de Uni\u00e3o da Vit\u00f3ria. Como a interna\u00e7\u00e3o foi feita em Porto Uni\u00e3o, a [&hellip;]<\/p>\n","protected":false},"author":2,"featured_media":16534,"comment_status":"open","ping_status":"open","sticky":false,"template":"","format":"standard","meta":{"footnotes":""},"categories":[185],"tags":[172],"class_list":["post-16533","post","type-post","status-publish","format-standard","has-post-thumbnail","hentry","category-regional","tag-featured"],"amp_enabled":true,"_links":{"self":[{"href":"https:\/\/radiostudiow.com.br\/site\/wp-json\/wp\/v2\/posts\/16533","targetHints":{"allow":["GET"]}}],"collection":[{"href":"https:\/\/radiostudiow.com.br\/site\/wp-json\/wp\/v2\/posts"}],"about":[{"href":"https:\/\/radiostudiow.com.br\/site\/wp-json\/wp\/v2\/types\/post"}],"author":[{"embeddable":true,"href":"https:\/\/radiostudiow.com.br\/site\/wp-json\/wp\/v2\/users\/2"}],"replies":[{"embeddable":true,"href":"https:\/\/radiostudiow.com.br\/site\/wp-json\/wp\/v2\/comments?post=16533"}],"version-history":[{"count":1,"href":"https:\/\/radiostudiow.com.br\/site\/wp-json\/wp\/v2\/posts\/16533\/revisions"}],"predecessor-version":[{"id":16535,"href":"https:\/\/radiostudiow.com.br\/site\/wp-json\/wp\/v2\/posts\/16533\/revisions\/16535"}],"wp:featuredmedia":[{"embeddable":true,"href":"https:\/\/radiostudiow.com.br\/site\/wp-json\/wp\/v2\/media\/16534"}],"wp:attachment":[{"href":"https:\/\/radiostudiow.com.br\/site\/wp-json\/wp\/v2\/media?parent=16533"}],"wp:term":[{"taxonomy":"category","embeddable":true,"href":"https:\/\/radiostudiow.com.br\/site\/wp-json\/wp\/v2\/categories?post=16533"},{"taxonomy":"post_tag","embeddable":true,"href":"https:\/\/radiostudiow.com.br\/site\/wp-json\/wp\/v2\/tags?post=16533"}],"curies":[{"name":"wp","href":"https:\/\/api.w.org\/{rel}","templated":true}]}}