{"id":16567,"date":"2023-11-03T11:55:43","date_gmt":"2023-11-03T14:55:43","guid":{"rendered":"https:\/\/radiostudiow.com.br\/site\/?p=16567"},"modified":"2025-01-31T15:02:34","modified_gmt":"2025-01-31T18:02:34","slug":"moradores-de-uniao-da-vitoria-ja-podem-sacar-o-fgts","status":"publish","type":"post","link":"https:\/\/radiostudiow.com.br\/site\/2023\/11\/03\/moradores-de-uniao-da-vitoria-ja-podem-sacar-o-fgts\/","title":{"rendered":"MORADORES DE UNI\u00c3O DA VIT\u00d3RIA J\u00c1 PODEM SACAR O FGTS"},"content":{"rendered":"\n<p>Moradores de Uni\u00e3o da Vit\u00f3ria que residem em \u00e1reas afetadas pela enchente e est\u00e3o cadastradas na prefeitura, j\u00e1 podem efetuar o saque do Fundo de Garantia do Tempo de Servi\u00e7o (FGTS). <strong>Para o saque deve-se apresentar comprovante de resid\u00eancia com data entre 14 de junho e 11 de outubro de 2023.<\/strong><\/p>\n\n\n\n<p>Nesta sexta-feira,03, a equipe da prefeitura de Uni\u00e3o da Vit\u00f3ria estar\u00e1 reunida com a equipe da Caixa Econ\u00f4mica Federal onde ser\u00e3o definidos alguns crit\u00e9rios para o saque e em seguida as informa\u00e7\u00f5es ser\u00e3o repassadas aos mun\u00edcipes.<\/p>\n\n\n\n<figure class=\"wp-block-image size-full\"><img decoding=\"async\" src=\"https:\/\/radiostudiow.com.br\/site\/wp-content\/uploads\/2023\/10\/SITE-GRANDE-1.png\" alt=\"\" class=\"wp-image-16374\"\/><\/figure>\n\n\n\n<h2 class=\"wp-block-heading\"><strong>Para solicitar o Saque do FGTS Calamidade atrav\u00e9s do APP FGTS, o trabalhador deve seguir os passos a seguir:<\/strong><\/h2>\n\n\n\n<p>Ao acessar o APP FGTS, clique na op\u00e7\u00e3o \u201cMeus Saques\u201d; \u200b<\/p>\n\n\n\n<p>Escolha a op\u00e7\u00e3o \u201cOutras Situa\u00e7\u00f5es de Saques\u201d; \u200b<\/p>\n\n\n\n<p>Selecione o motivo do Saque \u201cCalamidade P\u00fablica\u201d; \u200b<\/p>\n\n\n\n<p>Selecione o mun\u00edcipio de sua resid\u00eancia e clique em\u200b \u201cContinuar\u201d; \u200b<\/p>\n\n\n\n<p>Escolha uma das op\u00e7\u00f5es para receber seu FGTS\u200b:<\/p>\n\n\n\n<p>Cr\u00e9dito em conta banc\u00e1ria de qualquer institui\u00e7\u00e3o; ou,<\/p>\n\n\n\n<p>Sacar presencialmente. \u200b<\/p>\n\n\n\n<p>Fa\u00e7a Upload dos documentos requeridos;<\/p>\n\n\n\n<p>Confira os documentos anexados e confirme; \u200b<\/p>\n\n\n\n<p>A CAIXA ir\u00e1 analisar sua solicita\u00e7\u00e3o e caso esteja tudo certo, o valor ser\u00e1 creditado em sua conta.<\/p>\n\n\n\n<figure class=\"wp-block-image size-full\"><img decoding=\"async\" src=\"https:\/\/radiostudiow.com.br\/site\/wp-content\/uploads\/2023\/10\/SITE-MEDIO3.png\" alt=\"\" class=\"wp-image-16382\"\/><\/figure>\n\n\n\n<h2 class=\"wp-block-heading\"><strong>Saque Calamidade:<\/strong><\/h2>\n\n\n\n<p>O Saque Calamidade do FGTS \u00e9 uma modalidade em que o trabalhador tem direito a sacar o saldo da conta do FGTS por necessidade pessoal, urgente e grave decorrente de desastre natural que tenha atingido a sua \u00e1rea de resid\u00eancia. O valor s\u00f3 \u00e9 liberado quando a situa\u00e7\u00e3o de emerg\u00eancia ou o estado de calamidade p\u00fablica tenha sido decretado por meio de decreto do governo do Distrito Federal, Munic\u00edpio ou Estado e publicado em prazo n\u00e3o superior a 30 dias do primeiro dia \u00fatil seguinte ao da ocorr\u00eancia do desastre natural, se este for assim reconhecido, por meio de portaria do Ministro de Estado da Integra\u00e7\u00e3o Nacional. Para fins de saque, considera-se desastre natural:<\/p>\n\n\n\n<p>Enchentes ou inunda\u00e7\u00f5es graduais;<\/p>\n\n\n\n<p>Enxurradas ou inunda\u00e7\u00f5es bruscas;<\/p>\n\n\n\n<p>Alagamentos;<\/p>\n\n\n\n<p>Inunda\u00e7\u00f5es litor\u00e2neas provocadas pela brusca invas\u00e3o do mar;<\/p>\n\n\n\n<p>Precipita\u00e7\u00f5es de granizos;<\/p>\n\n\n\n<p>Vendavais ou tempestades;<\/p>\n\n\n\n<p>Vendavais muito intensos ou ciclones extratropicais;<\/p>\n\n\n\n<p>Vendavais extremamente intensos, furac\u00f5es, tuf\u00f5es ou ciclones tropicais;<\/p>\n\n\n\n<p>Tornados e trombas d\u2019\u00e1gua;<\/p>\n\n\n\n<p>Desastre decorrente do rompimento ou colapso de barragens que ocasione movimento de massa, com danos a unidades residenciais.<\/p>\n\n\n\n<p><em>Informa\u00e7\u00f5es do fgts.gov.br<\/em><\/p>\n","protected":false},"excerpt":{"rendered":"<p>Moradores de Uni\u00e3o da Vit\u00f3ria que residem em \u00e1reas afetadas pela enchente e est\u00e3o cadastradas na prefeitura, j\u00e1 podem efetuar o saque do Fundo de Garantia do Tempo de Servi\u00e7o (FGTS). Para o saque deve-se apresentar comprovante de resid\u00eancia com data entre 14 de junho e 11 de outubro de 2023. Nesta sexta-feira,03, a equipe [&hellip;]<\/p>\n","protected":false},"author":2,"featured_media":16568,"comment_status":"open","ping_status":"open","sticky":false,"template":"","format":"standard","meta":{"footnotes":""},"categories":[185],"tags":[172],"class_list":["post-16567","post","type-post","status-publish","format-standard","has-post-thumbnail","hentry","category-regional","tag-featured"],"amp_enabled":true,"_links":{"self":[{"href":"https:\/\/radiostudiow.com.br\/site\/wp-json\/wp\/v2\/posts\/16567","targetHints":{"allow":["GET"]}}],"collection":[{"href":"https:\/\/radiostudiow.com.br\/site\/wp-json\/wp\/v2\/posts"}],"about":[{"href":"https:\/\/radiostudiow.com.br\/site\/wp-json\/wp\/v2\/types\/post"}],"author":[{"embeddable":true,"href":"https:\/\/radiostudiow.com.br\/site\/wp-json\/wp\/v2\/users\/2"}],"replies":[{"embeddable":true,"href":"https:\/\/radiostudiow.com.br\/site\/wp-json\/wp\/v2\/comments?post=16567"}],"version-history":[{"count":1,"href":"https:\/\/radiostudiow.com.br\/site\/wp-json\/wp\/v2\/posts\/16567\/revisions"}],"predecessor-version":[{"id":16569,"href":"https:\/\/radiostudiow.com.br\/site\/wp-json\/wp\/v2\/posts\/16567\/revisions\/16569"}],"wp:featuredmedia":[{"embeddable":true,"href":"https:\/\/radiostudiow.com.br\/site\/wp-json\/wp\/v2\/media\/16568"}],"wp:attachment":[{"href":"https:\/\/radiostudiow.com.br\/site\/wp-json\/wp\/v2\/media?parent=16567"}],"wp:term":[{"taxonomy":"category","embeddable":true,"href":"https:\/\/radiostudiow.com.br\/site\/wp-json\/wp\/v2\/categories?post=16567"},{"taxonomy":"post_tag","embeddable":true,"href":"https:\/\/radiostudiow.com.br\/site\/wp-json\/wp\/v2\/tags?post=16567"}],"curies":[{"name":"wp","href":"https:\/\/api.w.org\/{rel}","templated":true}]}}