{"id":16578,"date":"2023-11-04T09:43:21","date_gmt":"2023-11-04T12:43:21","guid":{"rendered":"https:\/\/radiostudiow.com.br\/site\/?p=16578"},"modified":"2025-01-31T15:02:34","modified_gmt":"2025-01-31T18:02:34","slug":"transito-e-bloqueado-para-veiculos-pesados-na-pr-151-entre-sao-mateus-do-sul-e-tres-barras","status":"publish","type":"post","link":"https:\/\/radiostudiow.com.br\/site\/2023\/11\/04\/transito-e-bloqueado-para-veiculos-pesados-na-pr-151-entre-sao-mateus-do-sul-e-tres-barras\/","title":{"rendered":"TR\u00c2NSITO \u00c9 BLOQUEADO PARA VE\u00cdCULOS PESADOS NA PR-151 ENTRE S\u00c3O MATEUS DO SUL E TR\u00caS BARRAS"},"content":{"rendered":"\n<p>A equipe da Pol\u00edcia Rodovi\u00e1ria Estadual (PRE) anunciou nesta sexta-feira, 03 de novembro, a interdi\u00e7\u00e3o da PR-151 para ve\u00edculos pesados a partir das 18:00 horas sobre o trecho entre S\u00e3o Mateus do Sul e Tr\u00eas Barras.<\/p>\n\n\n\n<figure class=\"wp-block-image size-full\"><img decoding=\"async\" src=\"https:\/\/radiostudiow.com.br\/site\/wp-content\/uploads\/2023\/10\/SITE-GRANDE5.png\" alt=\"\" class=\"wp-image-16372\"\/><\/figure>\n\n\n\n<p>A orienta\u00e7\u00e3o \u00e9 para que ve\u00edculos pesados busquem por rotas alternativas, pois a via que \u00e9 utilizada por caminh\u00f5es, na regi\u00e3o central de Tr\u00eas Barras, est\u00e1 alagada, por conta do elevado volume de \u00e1gua por conta das chuvas. At\u00e9 o momento, o tr\u00e2nsito segue normalmente para ve\u00edculos leves para quem trafega no sentido S\u00e3o Mateus do Sul \u00e0 Tr\u00eas Barras.<\/p>\n\n\n\n<p>A orienta\u00e7\u00e3o ainda \u00e9 para quem vai pegar a estrada, verificar a previs\u00e3o do tempo e buscar por rotas alternativas.<\/p>\n","protected":false},"excerpt":{"rendered":"<p>A equipe da Pol\u00edcia Rodovi\u00e1ria Estadual (PRE) anunciou nesta sexta-feira, 03 de novembro, a interdi\u00e7\u00e3o da PR-151 para ve\u00edculos pesados a partir das 18:00 horas sobre o trecho entre S\u00e3o Mateus do Sul e Tr\u00eas Barras. A orienta\u00e7\u00e3o \u00e9 para que ve\u00edculos pesados busquem por rotas alternativas, pois a via que \u00e9 utilizada por caminh\u00f5es, [&hellip;]<\/p>\n","protected":false},"author":2,"featured_media":16059,"comment_status":"open","ping_status":"open","sticky":false,"template":"","format":"standard","meta":{"footnotes":""},"categories":[185],"tags":[172],"class_list":["post-16578","post","type-post","status-publish","format-standard","has-post-thumbnail","hentry","category-regional","tag-featured"],"amp_enabled":true,"_links":{"self":[{"href":"https:\/\/radiostudiow.com.br\/site\/wp-json\/wp\/v2\/posts\/16578","targetHints":{"allow":["GET"]}}],"collection":[{"href":"https:\/\/radiostudiow.com.br\/site\/wp-json\/wp\/v2\/posts"}],"about":[{"href":"https:\/\/radiostudiow.com.br\/site\/wp-json\/wp\/v2\/types\/post"}],"author":[{"embeddable":true,"href":"https:\/\/radiostudiow.com.br\/site\/wp-json\/wp\/v2\/users\/2"}],"replies":[{"embeddable":true,"href":"https:\/\/radiostudiow.com.br\/site\/wp-json\/wp\/v2\/comments?post=16578"}],"version-history":[{"count":2,"href":"https:\/\/radiostudiow.com.br\/site\/wp-json\/wp\/v2\/posts\/16578\/revisions"}],"predecessor-version":[{"id":16589,"href":"https:\/\/radiostudiow.com.br\/site\/wp-json\/wp\/v2\/posts\/16578\/revisions\/16589"}],"wp:featuredmedia":[{"embeddable":true,"href":"https:\/\/radiostudiow.com.br\/site\/wp-json\/wp\/v2\/media\/16059"}],"wp:attachment":[{"href":"https:\/\/radiostudiow.com.br\/site\/wp-json\/wp\/v2\/media?parent=16578"}],"wp:term":[{"taxonomy":"category","embeddable":true,"href":"https:\/\/radiostudiow.com.br\/site\/wp-json\/wp\/v2\/categories?post=16578"},{"taxonomy":"post_tag","embeddable":true,"href":"https:\/\/radiostudiow.com.br\/site\/wp-json\/wp\/v2\/tags?post=16578"}],"curies":[{"name":"wp","href":"https:\/\/api.w.org\/{rel}","templated":true}]}}