{"id":16580,"date":"2023-11-04T09:29:35","date_gmt":"2023-11-04T12:29:35","guid":{"rendered":"https:\/\/radiostudiow.com.br\/site\/?p=16580"},"modified":"2025-01-31T15:02:34","modified_gmt":"2025-01-31T18:02:34","slug":"homem-morre-apos-colisao-contra-onibus-na-br-476-em-sao-mateus-do-sul","status":"publish","type":"post","link":"https:\/\/radiostudiow.com.br\/site\/2023\/11\/04\/homem-morre-apos-colisao-contra-onibus-na-br-476-em-sao-mateus-do-sul\/","title":{"rendered":"HOMEM MORRE AP\u00d3S COLIS\u00c3O CONTRA \u00d4NIBUS EM S\u00c3O MATEUS DO SUL"},"content":{"rendered":"\n<figure class=\"wp-block-image size-full\"><img loading=\"lazy\" decoding=\"async\" width=\"897\" height=\"204\" src=\"https:\/\/radiostudiow.com.br\/site\/wp-content\/uploads\/2023\/10\/SITE-GRANDE.png\" alt=\"\" class=\"wp-image-16338\" srcset=\"https:\/\/radiostudiow.com.br\/site\/wp-content\/uploads\/2023\/10\/SITE-GRANDE.png 897w, https:\/\/radiostudiow.com.br\/site\/wp-content\/uploads\/2023\/10\/SITE-GRANDE-300x68.png 300w, https:\/\/radiostudiow.com.br\/site\/wp-content\/uploads\/2023\/10\/SITE-GRANDE-768x175.png 768w\" sizes=\"auto, (max-width: 897px) 100vw, 897px\" \/><\/figure>\n\n\n\n<p>As equipes do Corpo de Bombeiros e Samu de S\u00e3o Mateus do Sul atenderam nas primeiras horas da manh\u00e3 de hoje, 04 de novembro, um acidente de tr\u00e2nsito com \u00f3bito na BR-476, pr\u00f3ximo ao posto desativado da Pol\u00edcia Rodovi\u00e1ria Federal (PRF).<\/p>\n\n\n\n<p>O condutor de um ve\u00edculo Corsa morreu ap\u00f3s atingir frontalmente com um \u00f4nibus. Somente ele estava no carro e ningu\u00e9m do \u00f4nibus ficou ferido. A v\u00edtima fatal foi identificada como Fabiano Ribacz dos Santos, de 39 anos.<\/p>\n\n\n\n<p>De acordo com as informa\u00e7\u00f5es, o ve\u00edculo Corsa invadiu a pista contr\u00e1ria, vindo a colidir com o \u00f4nibus.<\/p>\n\n\n\n<p>Pol\u00edcia Rodovi\u00e1ria Federal (PRF), tamb\u00e9m esteve no local. Eles aguardam a chegada do Instituto M\u00e9dico Legal (IML), para a libera\u00e7\u00e3o do corpo e os Bombeiros a retirada da v\u00edtima.<\/p>\n\n\n\n<figure class=\"wp-block-image size-full\"><img loading=\"lazy\" decoding=\"async\" width=\"897\" height=\"204\" src=\"https:\/\/radiostudiow.com.br\/site\/wp-content\/uploads\/2023\/10\/SITE-GRANDE3.png\" alt=\"\" class=\"wp-image-16341\" srcset=\"https:\/\/radiostudiow.com.br\/site\/wp-content\/uploads\/2023\/10\/SITE-GRANDE3.png 897w, https:\/\/radiostudiow.com.br\/site\/wp-content\/uploads\/2023\/10\/SITE-GRANDE3-300x68.png 300w, https:\/\/radiostudiow.com.br\/site\/wp-content\/uploads\/2023\/10\/SITE-GRANDE3-768x175.png 768w\" sizes=\"auto, (max-width: 897px) 100vw, 897px\" \/><\/figure>\n\n\n\n<figure class=\"wp-block-image size-full\"><img loading=\"lazy\" decoding=\"async\" width=\"1024\" height=\"991\" src=\"https:\/\/radiostudiow.com.br\/site\/wp-content\/uploads\/2023\/11\/image-6.png\" alt=\"\" class=\"wp-image-16582\" srcset=\"https:\/\/radiostudiow.com.br\/site\/wp-content\/uploads\/2023\/11\/image-6.png 1024w, https:\/\/radiostudiow.com.br\/site\/wp-content\/uploads\/2023\/11\/image-6-300x290.png 300w, https:\/\/radiostudiow.com.br\/site\/wp-content\/uploads\/2023\/11\/image-6-768x743.png 768w\" sizes=\"auto, (max-width: 1024px) 100vw, 1024px\" \/><\/figure>\n\n\n\n<figure class=\"wp-block-image size-large\"><img decoding=\"async\" src=\"https:\/\/radiostudiow.com.br\/site\/wp-content\/uploads\/2023\/11\/image-7-1024x1024.png\" alt=\"\" class=\"wp-image-16597\"\/><\/figure>\n\n\n\n<p>Fonte: <a href=\"https:\/\/portalrdx.com.br\/\" data-type=\"link\" data-id=\"https:\/\/portalrdx.com.br\/\">Portal RDX<\/a><\/p>\n","protected":false},"excerpt":{"rendered":"<p>As equipes do Corpo de Bombeiros e Samu de S\u00e3o Mateus do Sul atenderam nas primeiras horas da manh\u00e3 de hoje, 04 de novembro, um acidente de tr\u00e2nsito com \u00f3bito na BR-476, pr\u00f3ximo ao posto desativado da Pol\u00edcia Rodovi\u00e1ria Federal (PRF). O condutor de um ve\u00edculo Corsa morreu ap\u00f3s atingir frontalmente com um \u00f4nibus. Somente [&hellip;]<\/p>\n","protected":false},"author":2,"featured_media":16581,"comment_status":"open","ping_status":"open","sticky":false,"template":"","format":"standard","meta":{"footnotes":""},"categories":[185],"tags":[172],"class_list":["post-16580","post","type-post","status-publish","format-standard","has-post-thumbnail","hentry","category-regional","tag-featured"],"amp_enabled":true,"_links":{"self":[{"href":"https:\/\/radiostudiow.com.br\/site\/wp-json\/wp\/v2\/posts\/16580","targetHints":{"allow":["GET"]}}],"collection":[{"href":"https:\/\/radiostudiow.com.br\/site\/wp-json\/wp\/v2\/posts"}],"about":[{"href":"https:\/\/radiostudiow.com.br\/site\/wp-json\/wp\/v2\/types\/post"}],"author":[{"embeddable":true,"href":"https:\/\/radiostudiow.com.br\/site\/wp-json\/wp\/v2\/users\/2"}],"replies":[{"embeddable":true,"href":"https:\/\/radiostudiow.com.br\/site\/wp-json\/wp\/v2\/comments?post=16580"}],"version-history":[{"count":5,"href":"https:\/\/radiostudiow.com.br\/site\/wp-json\/wp\/v2\/posts\/16580\/revisions"}],"predecessor-version":[{"id":33527,"href":"https:\/\/radiostudiow.com.br\/site\/wp-json\/wp\/v2\/posts\/16580\/revisions\/33527"}],"wp:featuredmedia":[{"embeddable":true,"href":"https:\/\/radiostudiow.com.br\/site\/wp-json\/wp\/v2\/media\/16581"}],"wp:attachment":[{"href":"https:\/\/radiostudiow.com.br\/site\/wp-json\/wp\/v2\/media?parent=16580"}],"wp:term":[{"taxonomy":"category","embeddable":true,"href":"https:\/\/radiostudiow.com.br\/site\/wp-json\/wp\/v2\/categories?post=16580"},{"taxonomy":"post_tag","embeddable":true,"href":"https:\/\/radiostudiow.com.br\/site\/wp-json\/wp\/v2\/tags?post=16580"}],"curies":[{"name":"wp","href":"https:\/\/api.w.org\/{rel}","templated":true}]}}